{"id":31386,"date":"2024-07-10T10:11:43","date_gmt":"2024-07-10T09:11:43","guid":{"rendered":"https:\/\/gracialive.be\/news\/marti-pellow-2024\/"},"modified":"2024-07-10T10:23:38","modified_gmt":"2024-07-10T09:23:38","slug":"marti-pellow-2024","status":"publish","type":"news","link":"https:\/\/gracialive.be\/fr\/news\/marti-pellow-2024\/","title":{"rendered":"Marti Pellow, la voix de Wet Wet Wet, reviendra enfin en Belgique apr\u00e8s plus de 10 ans"},"content":{"rendered":"\t\t<div data-elementor-type=\"wp-post\" data-elementor-id=\"31386\" class=\"elementor elementor-31386 elementor-31381\" data-elementor-post-type=\"news\">\n\t\t\t\t\t\t<section class=\"has_eae_slider elementor-section elementor-top-section elementor-element elementor-element-410caef1 elementor-section-boxed elementor-section-height-default elementor-section-height-default\" data-id=\"410caef1\" data-element_type=\"section\" data-settings=\"{&quot;jet_parallax_layout_list&quot;:[]}\">\n\t\t\t\t\t\t<div class=\"elementor-container elementor-column-gap-default\">\n\t\t\t\t\t<div class=\"has_eae_slider elementor-column elementor-col-100 elementor-top-column elementor-element elementor-element-4e652de4\" data-id=\"4e652de4\" data-element_type=\"column\">\n\t\t\t<div class=\"elementor-widget-wrap elementor-element-populated\">\n\t\t\t\t\t\t<div class=\"elementor-element elementor-element-4bc77a09 elementor-cta--skin-cover elementor-animated-content elementor-bg-transform elementor-bg-transform-zoom-in elementor-widget elementor-widget-call-to-action\" data-id=\"4bc77a09\" data-element_type=\"widget\" data-widget_type=\"call-to-action.default\">\n\t\t\t\t<div class=\"elementor-widget-container\">\n\t\t\t<link rel=\"stylesheet\" href=\"https:\/\/gracialive.be\/wp-content\/plugins\/elementor-pro\/assets\/css\/widget-call-to-action.min.css\">\t\t<div class=\"elementor-cta\">\n\t\t\t\t\t<div class=\"elementor-cta__bg-wrapper\">\n\t\t\t\t<div class=\"elementor-cta__bg elementor-bg\" style=\"background-image: url(https:\/\/gracialive.be\/wp-content\/uploads\/2024\/07\/mp-website-1200x300-1-1024x256.jpg);\" role=\"img\" aria-label=\"mp-website-1200x300\"><\/div>\n\t\t\t\t<div class=\"elementor-cta__bg-overlay\"><\/div>\n\t\t\t<\/div>\n\t\t\t\t\t\t\t<div class=\"elementor-cta__content\">\n\t\t\t\t\n\t\t\t\t\t\t\t\t\t<h2 class=\"elementor-cta__title elementor-cta__content-item elementor-content-item elementor-animated-item--grow\">\n\t\t\t\t\t\t \t\t\t\t\t<\/h2>\n\t\t\t\t\n\t\t\t\t\n\t\t\t\t\t\t\t<\/div>\n\t\t\t\t\t\t\t<div class=\"elementor-ribbon\">\n\t\t\t\t<div class=\"elementor-ribbon-inner\">concertnews<\/div>\n\t\t\t<\/div>\n\t\t\t\t<\/div>\n\t\t\t\t<\/div>\n\t\t\t\t<\/div>\n\t\t\t\t\t<\/div>\n\t\t<\/div>\n\t\t\t\t\t<\/div>\n\t\t<\/section>\n\t\t\t\t<section class=\"has_eae_slider elementor-section elementor-top-section elementor-element elementor-element-51047aea elementor-section-boxed elementor-section-height-default elementor-section-height-default\" data-id=\"51047aea\" data-element_type=\"section\" data-settings=\"{&quot;jet_parallax_layout_list&quot;:[]}\">\n\t\t\t\t\t\t<div class=\"elementor-container elementor-column-gap-default\">\n\t\t\t\t\t<div class=\"has_eae_slider elementor-column elementor-col-66 elementor-top-column elementor-element elementor-element-731d8f11\" data-id=\"731d8f11\" data-element_type=\"column\">\n\t\t\t<div class=\"elementor-widget-wrap elementor-element-populated\">\n\t\t\t\t\t\t<div class=\"elementor-element elementor-element-54a7cf7d elementor-widget elementor-widget-heading\" data-id=\"54a7cf7d\" data-element_type=\"widget\" data-widget_type=\"heading.default\">\n\t\t\t\t<div class=\"elementor-widget-container\">\n\t\t\t<style>\/*! elementor - v3.22.0 - 17-06-2024 *\/\n.elementor-heading-title{padding:0;margin:0;line-height:1}.elementor-widget-heading .elementor-heading-title[class*=elementor-size-]>a{color:inherit;font-size:inherit;line-height:inherit}.elementor-widget-heading .elementor-heading-title.elementor-size-small{font-size:15px}.elementor-widget-heading .elementor-heading-title.elementor-size-medium{font-size:19px}.elementor-widget-heading .elementor-heading-title.elementor-size-large{font-size:29px}.elementor-widget-heading .elementor-heading-title.elementor-size-xl{font-size:39px}.elementor-widget-heading .elementor-heading-title.elementor-size-xxl{font-size:59px}<\/style><h1 class=\"elementor-heading-title elementor-size-default\">marti pellow - 16 november 2024<\/h1>\t\t<\/div>\n\t\t\t\t<\/div>\n\t\t\t\t<div class=\"elementor-element elementor-element-cfd6434 elementor-widget elementor-widget-heading\" data-id=\"cfd6434\" data-element_type=\"widget\" data-widget_type=\"heading.default\">\n\t\t\t\t<div class=\"elementor-widget-container\">\n\t\t\t<h2 class=\"elementor-heading-title elementor-size-default\">La voix de Wet Wet Wet sera le samedi 16 novembre 2024 au Cirque Royal \u00e0 Bruxelles !<\/h2>\t\t<\/div>\n\t\t\t\t<\/div>\n\t\t\t\t<div class=\"elementor-element elementor-element-18b35d76 elementor-widget elementor-widget-spacer\" data-id=\"18b35d76\" data-element_type=\"widget\" data-widget_type=\"spacer.default\">\n\t\t\t\t<div class=\"elementor-widget-container\">\n\t\t\t<style>\/*! elementor - v3.22.0 - 17-06-2024 *\/\n.elementor-column .elementor-spacer-inner{height:var(--spacer-size)}.e-con{--container-widget-width:100%}.e-con-inner>.elementor-widget-spacer,.e-con>.elementor-widget-spacer{width:var(--container-widget-width,var(--spacer-size));--align-self:var(--container-widget-align-self,initial);--flex-shrink:0}.e-con-inner>.elementor-widget-spacer>.elementor-widget-container,.e-con>.elementor-widget-spacer>.elementor-widget-container{height:100%;width:100%}.e-con-inner>.elementor-widget-spacer>.elementor-widget-container>.elementor-spacer,.e-con>.elementor-widget-spacer>.elementor-widget-container>.elementor-spacer{height:100%}.e-con-inner>.elementor-widget-spacer>.elementor-widget-container>.elementor-spacer>.elementor-spacer-inner,.e-con>.elementor-widget-spacer>.elementor-widget-container>.elementor-spacer>.elementor-spacer-inner{height:var(--container-widget-height,var(--spacer-size))}.e-con-inner>.elementor-widget-spacer.elementor-widget-empty,.e-con>.elementor-widget-spacer.elementor-widget-empty{position:relative;min-height:22px;min-width:22px}.e-con-inner>.elementor-widget-spacer.elementor-widget-empty .elementor-widget-empty-icon,.e-con>.elementor-widget-spacer.elementor-widget-empty .elementor-widget-empty-icon{position:absolute;top:0;bottom:0;left:0;right:0;margin:auto;padding:0;width:22px;height:22px}<\/style>\t\t<div class=\"elementor-spacer\">\n\t\t\t<div class=\"elementor-spacer-inner\"><\/div>\n\t\t<\/div>\n\t\t\t\t<\/div>\n\t\t\t\t<\/div>\n\t\t\t\t<div class=\"elementor-element elementor-element-7264d992 elementor-widget elementor-widget-text-editor\" data-id=\"7264d992\" data-element_type=\"widget\" data-widget_type=\"text-editor.default\">\n\t\t\t\t<div class=\"elementor-widget-container\">\n\t\t\t<style>\/*! elementor - v3.22.0 - 17-06-2024 *\/\n.elementor-widget-text-editor.elementor-drop-cap-view-stacked .elementor-drop-cap{background-color:#69727d;color:#fff}.elementor-widget-text-editor.elementor-drop-cap-view-framed .elementor-drop-cap{color:#69727d;border:3px solid;background-color:transparent}.elementor-widget-text-editor:not(.elementor-drop-cap-view-default) .elementor-drop-cap{margin-top:8px}.elementor-widget-text-editor:not(.elementor-drop-cap-view-default) .elementor-drop-cap-letter{width:1em;height:1em}.elementor-widget-text-editor .elementor-drop-cap{float:left;text-align:center;line-height:1;font-size:50px}.elementor-widget-text-editor .elementor-drop-cap-letter{display:inline-block}<\/style>\t\t\t\t<p><strong>Marti Pellow vient d&#8217;annoncer son \u2018Greatest Hits Tour\u2019, dont un concert en Belgique. Le samedi 16 novembre 2024, le c\u00e9l\u00e8bre chanteur-compositeur interpr\u00e8te, fera escale au Cirque Royal \u00e0 Bruxelles, marquant sa premi\u00e8re performance dans notre pays depuis plus de dix ans. Les fans peuvent s&#8217;attendre \u00e0 une soir\u00e9e inoubliable remplie de tous les plus grands succ\u00e8s de <em>Wet Wet Wet<\/em>. <\/strong><strong>Avec son \u00e9nergie pop contagieuse, Marti promet de livrer une soir\u00e9e inoubliable que vous ne voulez pas manquer !<\/strong><\/p>\t\t\t\t\t\t<\/div>\n\t\t\t\t<\/div>\n\t\t\t\t<div class=\"elementor-element elementor-element-23d0e3da elementor-widget elementor-widget-button\" data-id=\"23d0e3da\" data-element_type=\"widget\" data-widget_type=\"button.default\">\n\t\t\t\t<div class=\"elementor-widget-container\">\n\t\t\t\t\t<div class=\"elementor-button-wrapper\">\n\t\t\t<a class=\"elementor-button elementor-button-link elementor-size-md\" href=\"https:\/\/www.ticketmaster.be\/event\/marti-pellow-the-voice-of-wet-wet-wet-tickets\/63401?language=fr-be\" target=\"_blank\">\n\t\t\t\t\t\t<span class=\"elementor-button-content-wrapper\">\n\t\t\t\t\t\t\t\t\t<span class=\"elementor-button-text\">Billets Marti Pellow<\/span>\n\t\t\t\t\t<\/span>\n\t\t\t\t\t<\/a>\n\t\t<\/div>\n\t\t\t\t<\/div>\n\t\t\t\t<\/div>\n\t\t\t\t<div class=\"elementor-element elementor-element-4f557fe8 elementor-widget elementor-widget-spacer\" data-id=\"4f557fe8\" data-element_type=\"widget\" data-widget_type=\"spacer.default\">\n\t\t\t\t<div class=\"elementor-widget-container\">\n\t\t\t\t\t<div class=\"elementor-spacer\">\n\t\t\t<div class=\"elementor-spacer-inner\"><\/div>\n\t\t<\/div>\n\t\t\t\t<\/div>\n\t\t\t\t<\/div>\n\t\t\t\t<div class=\"elementor-element elementor-element-3fdf8d02 elementor-widget elementor-widget-text-editor\" data-id=\"3fdf8d02\" data-element_type=\"widget\" data-widget_type=\"text-editor.default\">\n\t\t\t\t<div class=\"elementor-widget-container\">\n\t\t\t\t\t\t\t<p>La carri\u00e8re de Marti a commenc\u00e9 alors qu&#8217;il \u00e9tait adolescent lorsqu&#8217;il a form\u00e9 le groupe <strong><em>Wet Wet Wet<\/em><\/strong> avec ses amis d&#8217;\u00e9cole. De l\u00e0, il est devenu <strong>un artiste solo vendant des albums platine et l&#8217;un des artistes les plus aim\u00e9s du Royaume-Uni.<\/strong> Marti s&#8217;est toujours consacr\u00e9 \u00e0 son m\u00e9tier, et son engagement envers la confiance en soi et la prise de risques l&#8217;a vu atteindre un succ\u00e8s croissant chaque ann\u00e9e.<\/p><p>En tant que membre de <em>Wet Wet Wet<\/em>, Marti a insist\u00e9 pour se rendre \u00e0 Memphis, Tennessee, pour travailler avec le l\u00e9gendaire producteur de R&amp;B et de soul <strong>Willie Mitchell<\/strong>, l&#8217;homme qui avait produit <strong>Al Green, Ike &amp; Tina Turner, Ann Peebles <\/strong>et<strong> Otis Redding<\/strong>. Cette d\u00e9cision a port\u00e9 ses fruits de mani\u00e8re consid\u00e9rable, car le groupe a connu un succ\u00e8s \u00e9norme, surpassant presque tous les autres groupes de l&#8217;\u00e9poque. Leur son pop m\u00e9lodique et la voix distinctive de Pellow ont aid\u00e9 <em>Wet Wet Wet<\/em> \u00e0 devenir <strong>l&#8217;un des groupes les plus r\u00e9ussis de leur \u00e9poque, avec de nombreux singles et albums en t\u00eate des charts.<\/strong><\/p><p>Les ann\u00e9es de Marti avec <em>Wet Wet Wet<\/em> ont consid\u00e9rablement d\u00e9velopp\u00e9 ses comp\u00e9tences en \u00e9criture de chansons, en production et en arrangement, lui donnant la confiance et le style pour lesquels il est c\u00e9l\u00e8bre aujourd&#8217;hui. <strong>Sa carri\u00e8re solo a \u00e9t\u00e9 tout aussi impressionnante que ses r\u00e9alisations avec <em>Wet Wet Wet<\/em><\/strong>, avec une gamme diversifi\u00e9e d&#8217;albums bien accueillis (son premier album solo \u2018<strong>Smile\u2019<\/strong> a \u00e9t\u00e9 certifi\u00e9 disque de <strong>platine<\/strong>) et de nombreuses tourn\u00e9es \u00e0 guichets ferm\u00e9s. En plus de son succ\u00e8s en tant que chanteur-compositeur, Marti Pellow a \u00e9galement marqu\u00e9 le monde du th\u00e9\u00e2tre musical et a jou\u00e9 dans plusieurs productions de haut niveau du West End, notamment <strong>\u2018Chicago\u2019, \u2018The Witches of Eastwick\u2019, \u2018Jekyll &amp; Hyde\u2019 <\/strong>et<strong> \u2018Blood Brothers\u2019<\/strong>, s&#8217;imposant ainsi comme l&#8217;un des plus grands acteurs du monde du spectacle d&#8217;aujourd&#8217;hui.<\/p><p>Aujourd&#8217;hui, Marti continue \u00e0 se consacrer \u00e0 l&#8217;\u00e9criture de chansons, \u00e0 la cr\u00e9ation de nouvelle musique, toujours en tourn\u00e9e et se produisant devant des milliers de personnes, toujours en enregistrant et produisant des disques dans le top dix, toujours le chanteur-compositeur enti\u00e8rement d\u00e9vou\u00e9 suivant son c\u0153ur. Avec sa prochaine \u2018Greatest Hits Tour\u2019, Marti emm\u00e8nera ses fans dans un voyage incroyable \u00e0 travers ses 30 ans de performances, tant avec le groupe qu&#8217;en solo.<\/p>\t\t\t\t\t\t<\/div>\n\t\t\t\t<\/div>\n\t\t\t\t<div class=\"elementor-element elementor-element-72fa6a3 elementor-widget elementor-widget-text-editor\" data-id=\"72fa6a3\" data-element_type=\"widget\" data-widget_type=\"text-editor.default\">\n\t\t\t\t<div class=\"elementor-widget-container\">\n\t\t\t\t\t\t\t<p><em><strong>Ne manquez pas le retour tant attendu de la voix de Wet Wet Wet en Belgique, \u00a0le samedi 16 novembre 2024 au Cirque Royal \u00e0 Bruxelles ! Les billets sont en vente sur www.gracialive.be<\/strong><\/em><\/p>\t\t\t\t\t\t<\/div>\n\t\t\t\t<\/div>\n\t\t\t\t\t<\/div>\n\t\t<\/div>\n\t\t\t\t<div class=\"has_eae_slider elementor-column elementor-col-33 elementor-top-column elementor-element elementor-element-17d0a835\" data-id=\"17d0a835\" data-element_type=\"column\">\n\t\t\t<div class=\"elementor-widget-wrap elementor-element-populated\">\n\t\t\t\t\t\t<div class=\"elementor-element elementor-element-4a68772b border_heading_vacatures elementor-widget elementor-widget-heading\" data-id=\"4a68772b\" data-element_type=\"widget\" data-widget_type=\"heading.default\">\n\t\t\t\t<div class=\"elementor-widget-container\">\n\t\t\t<h1 class=\"elementor-heading-title elementor-size-default\">Laatst aangekondigd<\/h1>\t\t<\/div>\n\t\t\t\t<\/div>\n\t\t\t\t<div class=\"elementor-element elementor-element-2f2ba698 elementor-grid-1 elementor-grid-tablet-2 elementor-grid-mobile-1 elementor-widget elementor-widget-loop-grid\" data-id=\"2f2ba698\" data-element_type=\"widget\" data-settings=\"{&quot;template_id&quot;:25355,&quot;columns&quot;:1,&quot;row_gap&quot;:{&quot;unit&quot;:&quot;rem&quot;,&quot;size&quot;:0.5,&quot;sizes&quot;:[]},&quot;row_gap_tablet&quot;:{&quot;unit&quot;:&quot;rem&quot;,&quot;size&quot;:&quot;&quot;,&quot;sizes&quot;:[]},&quot;row_gap_mobile&quot;:{&quot;unit&quot;:&quot;rem&quot;,&quot;size&quot;:&quot;&quot;,&quot;sizes&quot;:[]},&quot;_skin&quot;:&quot;post&quot;,&quot;columns_tablet&quot;:&quot;2&quot;,&quot;columns_mobile&quot;:&quot;1&quot;,&quot;edit_handle_selector&quot;:&quot;[data-elementor-type=\\&quot;loop-item\\&quot;]&quot;}\" data-widget_type=\"loop-grid.post\">\n\t\t\t\t<div class=\"elementor-widget-container\">\n\t\t\t<link rel=\"stylesheet\" href=\"https:\/\/gracialive.be\/wp-content\/plugins\/elementor-pro\/assets\/css\/widget-loop-builder.min.css\">\t\t<div class=\"elementor-loop-container elementor-grid\">\n\t\t<style id=\"loop-25355\">.elementor-25355 .elementor-element.elementor-element-751678a:not(.elementor-motion-effects-element-type-background) > .elementor-widget-wrap, .elementor-25355 .elementor-element.elementor-element-751678a > .elementor-widget-wrap > .elementor-motion-effects-container > .elementor-motion-effects-layer{background-color:#E2F3FF78;}.elementor-25355 .elementor-element.elementor-element-751678a > .elementor-element-populated, .elementor-25355 .elementor-element.elementor-element-751678a > .elementor-element-populated > .elementor-background-overlay, .elementor-25355 .elementor-element.elementor-element-751678a > .elementor-background-slideshow{border-radius:8px 8px 8px 8px;}.elementor-25355 .elementor-element.elementor-element-751678a > .elementor-element-populated{transition:background 0.3s, border 0.3s, border-radius 0.3s, box-shadow 0.3s;}.elementor-25355 .elementor-element.elementor-element-751678a > .elementor-element-populated > .elementor-background-overlay{transition:background 0.3s, border-radius 0.3s, opacity 0.3s;}.elementor-25355 .elementor-element.elementor-element-71a4685{text-align:right;}.elementor-25355 .elementor-element.elementor-element-71a4685 .elementor-heading-title{color:var( --e-global-color-accent );}.elementor-25355 .elementor-element.elementor-element-71a4685 > .elementor-widget-container{margin:6px 0px 0px 0px;}<\/style>\t\t<div data-elementor-type=\"loop-item\" data-elementor-id=\"25355\" class=\"elementor elementor-25355 e-loop-item e-loop-item-42181 post-42181 news type-news status-publish has-post-thumbnail hentry entry\" data-elementor-post-type=\"elementor_library\" data-custom-edit-handle=\"1\">\n\t\t\t\t\t<section class=\"has_eae_slider elementor-section elementor-top-section elementor-element elementor-element-bf11e25 elementor-section-boxed elementor-section-height-default elementor-section-height-default\" data-id=\"bf11e25\" data-element_type=\"section\" data-settings=\"{&quot;jet_parallax_layout_list&quot;:[]}\">\n\t\t\t\t\t\t<div class=\"elementor-container elementor-column-gap-default\">\n\t\t\t\t\t<div class=\"has_eae_slider elementor-column elementor-col-100 elementor-top-column elementor-element elementor-element-751678a\" data-id=\"751678a\" data-element_type=\"column\" data-settings=\"{&quot;background_background&quot;:&quot;classic&quot;}\">\n\t\t\t<div class=\"elementor-widget-wrap elementor-element-populated\">\n\t\t\t\t\t\t<div class=\"elementor-element elementor-element-ca54aa8 elementor-widget elementor-widget-image\" data-id=\"ca54aa8\" data-element_type=\"widget\" data-widget_type=\"image.default\">\n\t\t\t\t<div class=\"elementor-widget-container\">\n\t\t\t<style>\/*! elementor - v3.22.0 - 17-06-2024 *\/\n.elementor-widget-image{text-align:center}.elementor-widget-image a{display:inline-block}.elementor-widget-image a img[src$=\".svg\"]{width:48px}.elementor-widget-image img{vertical-align:middle;display:inline-block}<\/style>\t\t\t\t\t\t\t\t\t\t\t<a href=\"https:\/\/gracialive.be\/fr\/news\/wu-tang-clan-2026\/\">\n\t\t\t\t\t\t\t<img decoding=\"async\" src=\"https:\/\/gracialive.be\/wp-content\/uploads\/2025\/10\/wt-1920x1080-1.jpg\" title=\"\" alt=\"\" loading=\"lazy\" \/>\t\t\t\t\t\t\t\t<\/a>\n\t\t\t\t\t\t\t\t\t\t\t\t\t<\/div>\n\t\t\t\t<\/div>\n\t\t\t\t<div class=\"elementor-element elementor-element-71a4685 elementor-widget elementor-widget-theme-post-title elementor-page-title elementor-widget-heading\" data-id=\"71a4685\" data-element_type=\"widget\" data-widget_type=\"theme-post-title.default\">\n\t\t\t\t<div class=\"elementor-widget-container\">\n\t\t\t<h4 class=\"elementor-heading-title elementor-size-default\">\u00ab Wu Tang Forever : The Final Chamber \u00bb : le 15 mars 2026 \u00e0 l\u2019ING Arena de Bruxelles<\/h4>\t\t<\/div>\n\t\t\t\t<\/div>\n\t\t\t\t\t<\/div>\n\t\t<\/div>\n\t\t\t\t\t<\/div>\n\t\t<\/section>\n\t\t\t\t<\/div>\n\t\t\t\t<div data-elementor-type=\"loop-item\" data-elementor-id=\"25355\" class=\"elementor elementor-25355 e-loop-item e-loop-item-42168 post-42168 news type-news status-publish has-post-thumbnail hentry entry\" data-elementor-post-type=\"elementor_library\" data-custom-edit-handle=\"1\">\n\t\t\t\t\t<section class=\"has_eae_slider elementor-section elementor-top-section elementor-element elementor-element-bf11e25 elementor-section-boxed elementor-section-height-default elementor-section-height-default\" data-id=\"bf11e25\" data-element_type=\"section\" data-settings=\"{&quot;jet_parallax_layout_list&quot;:[]}\">\n\t\t\t\t\t\t<div class=\"elementor-container elementor-column-gap-default\">\n\t\t\t\t\t<div class=\"has_eae_slider elementor-column elementor-col-100 elementor-top-column elementor-element elementor-element-751678a\" data-id=\"751678a\" data-element_type=\"column\" data-settings=\"{&quot;background_background&quot;:&quot;classic&quot;}\">\n\t\t\t<div class=\"elementor-widget-wrap elementor-element-populated\">\n\t\t\t\t\t\t<div class=\"elementor-element elementor-element-ca54aa8 elementor-widget elementor-widget-image\" data-id=\"ca54aa8\" data-element_type=\"widget\" data-widget_type=\"image.default\">\n\t\t\t\t<div class=\"elementor-widget-container\">\n\t\t\t\t\t\t\t\t\t\t\t\t\t\t<a href=\"https:\/\/gracialive.be\/fr\/news\/eric-clapton-2026\/\">\n\t\t\t\t\t\t\t<img decoding=\"async\" src=\"https:\/\/gracialive.be\/wp-content\/uploads\/2025\/10\/ec-web-1920x1080-1.jpg\" title=\"\" alt=\"\" loading=\"lazy\" \/>\t\t\t\t\t\t\t\t<\/a>\n\t\t\t\t\t\t\t\t\t\t\t\t\t<\/div>\n\t\t\t\t<\/div>\n\t\t\t\t<div class=\"elementor-element elementor-element-71a4685 elementor-widget elementor-widget-theme-post-title elementor-page-title elementor-widget-heading\" data-id=\"71a4685\" data-element_type=\"widget\" data-widget_type=\"theme-post-title.default\">\n\t\t\t\t<div class=\"elementor-widget-container\">\n\t\t\t<h4 class=\"elementor-heading-title elementor-size-default\">Le 26 avril 2026, le virtuose de la guitare Eric Clapton sera de retour en Belgique pour un concert exceptionnel \u00e0 l\u2019AFAS Dome \u00e0 Anvers<\/h4>\t\t<\/div>\n\t\t\t\t<\/div>\n\t\t\t\t\t<\/div>\n\t\t<\/div>\n\t\t\t\t\t<\/div>\n\t\t<\/section>\n\t\t\t\t<\/div>\n\t\t\t\t<div data-elementor-type=\"loop-item\" data-elementor-id=\"25355\" class=\"elementor elementor-25355 e-loop-item e-loop-item-42156 post-42156 news type-news status-publish has-post-thumbnail hentry entry\" data-elementor-post-type=\"elementor_library\" data-custom-edit-handle=\"1\">\n\t\t\t\t\t<section class=\"has_eae_slider elementor-section elementor-top-section elementor-element elementor-element-bf11e25 elementor-section-boxed elementor-section-height-default elementor-section-height-default\" data-id=\"bf11e25\" data-element_type=\"section\" data-settings=\"{&quot;jet_parallax_layout_list&quot;:[]}\">\n\t\t\t\t\t\t<div class=\"elementor-container elementor-column-gap-default\">\n\t\t\t\t\t<div class=\"has_eae_slider elementor-column elementor-col-100 elementor-top-column elementor-element elementor-element-751678a\" data-id=\"751678a\" data-element_type=\"column\" data-settings=\"{&quot;background_background&quot;:&quot;classic&quot;}\">\n\t\t\t<div class=\"elementor-widget-wrap elementor-element-populated\">\n\t\t\t\t\t\t<div class=\"elementor-element elementor-element-ca54aa8 elementor-widget elementor-widget-image\" data-id=\"ca54aa8\" data-element_type=\"widget\" data-widget_type=\"image.default\">\n\t\t\t\t<div class=\"elementor-widget-container\">\n\t\t\t\t\t\t\t\t\t\t\t\t\t\t<a href=\"https:\/\/gracialive.be\/fr\/news\/helmut-lotti-2025\/\">\n\t\t\t\t\t\t\t<img decoding=\"async\" src=\"https:\/\/gracialive.be\/wp-content\/uploads\/2025\/05\/hc-1920x1080-1.jpg\" title=\"\" alt=\"\" loading=\"lazy\" \/>\t\t\t\t\t\t\t\t<\/a>\n\t\t\t\t\t\t\t\t\t\t\t\t\t<\/div>\n\t\t\t\t<\/div>\n\t\t\t\t<div class=\"elementor-element elementor-element-71a4685 elementor-widget elementor-widget-theme-post-title elementor-page-title elementor-widget-heading\" data-id=\"71a4685\" data-element_type=\"widget\" data-widget_type=\"theme-post-title.default\">\n\t\t\t\t<div class=\"elementor-widget-container\">\n\t\t\t<h4 class=\"elementor-heading-title elementor-size-default\">Helmut Lotti f\u00eate le 30\u1d49 anniversaire de &#8216;Helmut Lotti Goes Classic&#8217; avec une tourn\u00e9e festive \u00e0 travers la Belgique<\/h4>\t\t<\/div>\n\t\t\t\t<\/div>\n\t\t\t\t\t<\/div>\n\t\t<\/div>\n\t\t\t\t\t<\/div>\n\t\t<\/section>\n\t\t\t\t<\/div>\n\t\t\t\t<\/div>\n\t\t\n\t\t\t\t<\/div>\n\t\t\t\t<\/div>\n\t\t\t\t\t<\/div>\n\t\t<\/div>\n\t\t\t\t\t<\/div>\n\t\t<\/section>\n\t\t\t\t<section class=\"has_eae_slider elementor-section elementor-top-section elementor-element elementor-element-5567cf16 elementor-section-boxed elementor-section-height-default elementor-section-height-default\" data-id=\"5567cf16\" data-element_type=\"section\" data-settings=\"{&quot;jet_parallax_layout_list&quot;:[]}\">\n\t\t\t\t\t\t<div class=\"elementor-container elementor-column-gap-default\">\n\t\t\t\t\t<div class=\"has_eae_slider elementor-column elementor-col-100 elementor-top-column elementor-element elementor-element-3f44419d\" data-id=\"3f44419d\" data-element_type=\"column\">\n\t\t\t<div class=\"elementor-widget-wrap elementor-element-populated\">\n\t\t\t\t\t\t<div class=\"elementor-element elementor-element-773bca95 elementor-widget elementor-widget-spacer\" data-id=\"773bca95\" data-element_type=\"widget\" data-widget_type=\"spacer.default\">\n\t\t\t\t<div class=\"elementor-widget-container\">\n\t\t\t\t\t<div class=\"elementor-spacer\">\n\t\t\t<div class=\"elementor-spacer-inner\"><\/div>\n\t\t<\/div>\n\t\t\t\t<\/div>\n\t\t\t\t<\/div>\n\t\t\t\t\t<\/div>\n\t\t<\/div>\n\t\t\t\t\t<\/div>\n\t\t<\/section>\n\t\t\t\t<\/div>\n\t\t","protected":false},"featured_media":31260,"template":"elementor_header_footer","yoast_head":"<!-- This site is optimized with the Yoast SEO Premium plugin v21.5 (Yoast SEO v21.5) - https:\/\/yoast.com\/wordpress\/plugins\/seo\/ -->\n<title>Marti Pellow, la voix de Wet Wet Wet, reviendra enfin en Belgique apr\u00e8s plus de 10 ans - Gracia Live<\/title>\n<meta name=\"robots\" content=\"index, follow, max-snippet:-1, max-image-preview:large, max-video-preview:-1\" \/>\n<link rel=\"canonical\" href=\"https:\/\/gracialive.be\/fr\/news\/marti-pellow-2024\/\" \/>\n<meta property=\"og:locale\" content=\"fr_FR\" \/>\n<meta property=\"og:type\" content=\"article\" \/>\n<meta property=\"og:title\" content=\"Marti Pellow, la voix de Wet Wet Wet, reviendra enfin en Belgique apr\u00e8s plus de 10 ans\" \/>\n<meta property=\"og:description\" content=\"concertnews marti pellow &#8211; 16 november 2024 La voix de Wet Wet Wet sera le samedi 16 novembre 2024 au Cirque Royal \u00e0 Bruxelles ! Marti Pellow vient d&#8217;annoncer son \u2018Greatest Hits Tour\u2019, dont un concert en Belgique. Le samedi 16 novembre 2024, le c\u00e9l\u00e8bre chanteur-compositeur interpr\u00e8te, fera escale au Cirque Royal \u00e0 Bruxelles, marquant &hellip; Continuer la lecture \u00ab\u00a0Helmut Lotti f\u00eate le 30\u1d49 anniversaire de &#8216;Helmut Lotti Goes Classic&#8217; avec une tourn\u00e9e festive \u00e0 travers la Belgique\u00a0\u00bb\" \/>\n<meta property=\"og:url\" content=\"https:\/\/gracialive.be\/fr\/news\/marti-pellow-2024\/\" \/>\n<meta property=\"og:site_name\" content=\"Gracia Live\" \/>\n<meta property=\"article:publisher\" content=\"https:\/\/www.facebook.com\/gracialivebelgium\" \/>\n<meta property=\"article:modified_time\" content=\"2024-07-10T09:23:38+00:00\" \/>\n<meta property=\"og:image\" content=\"https:\/\/gracialive.be\/wp-content\/uploads\/2024\/07\/mp-website-1200x300-1.jpg\" \/>\n\t<meta property=\"og:image:width\" content=\"1200\" \/>\n\t<meta property=\"og:image:height\" content=\"300\" \/>\n\t<meta property=\"og:image:type\" content=\"image\/jpeg\" \/>\n<meta name=\"twitter:card\" content=\"summary_large_image\" \/>\n<meta name=\"twitter:site\" content=\"@GRACIALIVEBEL\" \/>\n<meta name=\"twitter:label1\" content=\"Dur\u00e9e de lecture estim\u00e9e\" \/>\n\t<meta name=\"twitter:data1\" content=\"5 minutes\" \/>\n<script type=\"application\/ld+json\" class=\"yoast-schema-graph\">{\"@context\":\"https:\/\/schema.org\",\"@graph\":[{\"@type\":\"WebPage\",\"@id\":\"https:\/\/gracialive.be\/fr\/news\/marti-pellow-2024\/\",\"url\":\"https:\/\/gracialive.be\/fr\/news\/marti-pellow-2024\/\",\"name\":\"Marti Pellow, la voix de Wet Wet Wet, reviendra enfin en Belgique apr\u00e8s plus de 10 ans - Gracia Live\",\"isPartOf\":{\"@id\":\"https:\/\/gracialive.be\/#website\"},\"datePublished\":\"2024-07-10T09:11:43+00:00\",\"dateModified\":\"2024-07-10T09:23:38+00:00\",\"breadcrumb\":{\"@id\":\"https:\/\/gracialive.be\/fr\/news\/marti-pellow-2024\/#breadcrumb\"},\"inLanguage\":\"fr-FR\",\"potentialAction\":[{\"@type\":\"ReadAction\",\"target\":[\"https:\/\/gracialive.be\/fr\/news\/marti-pellow-2024\/\"]}]},{\"@type\":\"BreadcrumbList\",\"@id\":\"https:\/\/gracialive.be\/fr\/news\/marti-pellow-2024\/#breadcrumb\",\"itemListElement\":[{\"@type\":\"ListItem\",\"position\":1,\"name\":\"Home\",\"item\":\"https:\/\/gracialive.be\/fr\/\"},{\"@type\":\"ListItem\",\"position\":2,\"name\":\"Marti Pellow, la voix de Wet Wet Wet, reviendra enfin en Belgique apr\u00e8s plus de 10 ans\"}]},{\"@type\":\"WebSite\",\"@id\":\"https:\/\/gracialive.be\/#website\",\"url\":\"https:\/\/gracialive.be\/\",\"name\":\"Gracia Live\",\"description\":\"Concert en Event Promotor Belgium\",\"publisher\":{\"@id\":\"https:\/\/gracialive.be\/#organization\"},\"potentialAction\":[{\"@type\":\"SearchAction\",\"target\":{\"@type\":\"EntryPoint\",\"urlTemplate\":\"https:\/\/gracialive.be\/?s={search_term_string}\"},\"query-input\":\"required name=search_term_string\"}],\"inLanguage\":\"fr-FR\"},{\"@type\":\"Organization\",\"@id\":\"https:\/\/gracialive.be\/#organization\",\"name\":\"Gracia Live\",\"url\":\"https:\/\/gracialive.be\/\",\"logo\":{\"@type\":\"ImageObject\",\"inLanguage\":\"fr-FR\",\"@id\":\"https:\/\/gracialive.be\/#\/schema\/logo\/image\/\",\"url\":\"https:\/\/gracialive.be\/wp-content\/uploads\/2022\/01\/cropped-GL-500x300_zwart.png\",\"contentUrl\":\"https:\/\/gracialive.be\/wp-content\/uploads\/2022\/01\/cropped-GL-500x300_zwart.png\",\"width\":512,\"height\":512,\"caption\":\"Gracia Live\"},\"image\":{\"@id\":\"https:\/\/gracialive.be\/#\/schema\/logo\/image\/\"},\"sameAs\":[\"https:\/\/www.facebook.com\/gracialivebelgium\",\"https:\/\/twitter.com\/GRACIALIVEBEL\",\"https:\/\/www.instagram.com\/gracialive_belgium\/\"]}]}<\/script>\n<!-- \/ Yoast SEO Premium plugin. -->","yoast_head_json":{"title":"Marti Pellow, la voix de Wet Wet Wet, reviendra enfin en Belgique apr\u00e8s plus de 10 ans - Gracia Live","robots":{"index":"index","follow":"follow","max-snippet":"max-snippet:-1","max-image-preview":"max-image-preview:large","max-video-preview":"max-video-preview:-1"},"canonical":"https:\/\/gracialive.be\/fr\/news\/marti-pellow-2024\/","og_locale":"fr_FR","og_type":"article","og_title":"Marti Pellow, la voix de Wet Wet Wet, reviendra enfin en Belgique apr\u00e8s plus de 10 ans","og_description":"concertnews marti pellow &#8211; 16 november 2024 La voix de Wet Wet Wet sera le samedi 16 novembre 2024 au Cirque Royal \u00e0 Bruxelles ! Marti Pellow vient d&#8217;annoncer son \u2018Greatest Hits Tour\u2019, dont un concert en Belgique. Le samedi 16 novembre 2024, le c\u00e9l\u00e8bre chanteur-compositeur interpr\u00e8te, fera escale au Cirque Royal \u00e0 Bruxelles, marquant &hellip; Continuer la lecture \u00ab\u00a0Helmut Lotti f\u00eate le 30\u1d49 anniversaire de &#8216;Helmut Lotti Goes Classic&#8217; avec une tourn\u00e9e festive \u00e0 travers la Belgique\u00a0\u00bb","og_url":"https:\/\/gracialive.be\/fr\/news\/marti-pellow-2024\/","og_site_name":"Gracia Live","article_publisher":"https:\/\/www.facebook.com\/gracialivebelgium","article_modified_time":"2024-07-10T09:23:38+00:00","og_image":[{"width":1200,"height":300,"url":"https:\/\/gracialive.be\/wp-content\/uploads\/2024\/07\/mp-website-1200x300-1.jpg","type":"image\/jpeg"}],"twitter_card":"summary_large_image","twitter_site":"@GRACIALIVEBEL","twitter_misc":{"Dur\u00e9e de lecture estim\u00e9e":"5 minutes"},"schema":{"@context":"https:\/\/schema.org","@graph":[{"@type":"WebPage","@id":"https:\/\/gracialive.be\/fr\/news\/marti-pellow-2024\/","url":"https:\/\/gracialive.be\/fr\/news\/marti-pellow-2024\/","name":"Marti Pellow, la voix de Wet Wet Wet, reviendra enfin en Belgique apr\u00e8s plus de 10 ans - Gracia Live","isPartOf":{"@id":"https:\/\/gracialive.be\/#website"},"datePublished":"2024-07-10T09:11:43+00:00","dateModified":"2024-07-10T09:23:38+00:00","breadcrumb":{"@id":"https:\/\/gracialive.be\/fr\/news\/marti-pellow-2024\/#breadcrumb"},"inLanguage":"fr-FR","potentialAction":[{"@type":"ReadAction","target":["https:\/\/gracialive.be\/fr\/news\/marti-pellow-2024\/"]}]},{"@type":"BreadcrumbList","@id":"https:\/\/gracialive.be\/fr\/news\/marti-pellow-2024\/#breadcrumb","itemListElement":[{"@type":"ListItem","position":1,"name":"Home","item":"https:\/\/gracialive.be\/fr\/"},{"@type":"ListItem","position":2,"name":"Marti Pellow, la voix de Wet Wet Wet, reviendra enfin en Belgique apr\u00e8s plus de 10 ans"}]},{"@type":"WebSite","@id":"https:\/\/gracialive.be\/#website","url":"https:\/\/gracialive.be\/","name":"Gracia Live","description":"Concert en Event Promotor Belgium","publisher":{"@id":"https:\/\/gracialive.be\/#organization"},"potentialAction":[{"@type":"SearchAction","target":{"@type":"EntryPoint","urlTemplate":"https:\/\/gracialive.be\/?s={search_term_string}"},"query-input":"required name=search_term_string"}],"inLanguage":"fr-FR"},{"@type":"Organization","@id":"https:\/\/gracialive.be\/#organization","name":"Gracia Live","url":"https:\/\/gracialive.be\/","logo":{"@type":"ImageObject","inLanguage":"fr-FR","@id":"https:\/\/gracialive.be\/#\/schema\/logo\/image\/","url":"https:\/\/gracialive.be\/wp-content\/uploads\/2022\/01\/cropped-GL-500x300_zwart.png","contentUrl":"https:\/\/gracialive.be\/wp-content\/uploads\/2022\/01\/cropped-GL-500x300_zwart.png","width":512,"height":512,"caption":"Gracia Live"},"image":{"@id":"https:\/\/gracialive.be\/#\/schema\/logo\/image\/"},"sameAs":["https:\/\/www.facebook.com\/gracialivebelgium","https:\/\/twitter.com\/GRACIALIVEBEL","https:\/\/www.instagram.com\/gracialive_belgium\/"]}]}},"acf":{"news-image":"https:\/\/gracialive.be\/wp-content\/uploads\/2024\/07\/mp-website1920x1080.jpg","news-text":"Marti Pellow vient d'annoncer son \u2018Greatest Hits Tour\u2019, dont un concert en Belgique. Le samedi 16 novembre 2024, le c\u00e9l\u00e8bre chanteur-compositeur interpr\u00e8te, fera escale au Cirque Royal \u00e0 Bruxelles, marquant sa premi\u00e8re performance dans notre pays depuis plus de dix ans. Les fans peuvent s'attendre \u00e0 une soir\u00e9e inoubliable remplie de tous les plus grands succ\u00e8s de Wet Wet Wet. Avec son \u00e9nergie pop contagieuse, Marti promet de livrer une soir\u00e9e inoubliable que vous ne voulez pas manquer !","news-titel":""},"_links":{"self":[{"href":"https:\/\/gracialive.be\/fr\/wp-json\/wp\/v2\/news\/31386"}],"collection":[{"href":"https:\/\/gracialive.be\/fr\/wp-json\/wp\/v2\/news"}],"about":[{"href":"https:\/\/gracialive.be\/fr\/wp-json\/wp\/v2\/types\/news"}],"version-history":[{"count":4,"href":"https:\/\/gracialive.be\/fr\/wp-json\/wp\/v2\/news\/31386\/revisions"}],"predecessor-version":[{"id":31390,"href":"https:\/\/gracialive.be\/fr\/wp-json\/wp\/v2\/news\/31386\/revisions\/31390"}],"wp:featuredmedia":[{"embeddable":true,"href":"https:\/\/gracialive.be\/fr\/wp-json\/wp\/v2\/media\/31260"}],"wp:attachment":[{"href":"https:\/\/gracialive.be\/fr\/wp-json\/wp\/v2\/media?parent=31386"}],"curies":[{"name":"wp","href":"https:\/\/api.w.org\/{rel}","templated":true}]}}