{"id":30885,"date":"2024-06-10T15:34:10","date_gmt":"2024-06-10T14:34:10","guid":{"rendered":"https:\/\/gracialive.be\/news\/tower-of-power-2024\/"},"modified":"2024-06-10T15:40:17","modified_gmt":"2024-06-10T14:40:17","slug":"tower-of-power-2024","status":"publish","type":"news","link":"https:\/\/gracialive.be\/fr\/news\/tower-of-power-2024\/","title":{"rendered":"Apr\u00e8s presque 10 ans d&#8217;absence, le groupe iconique de funk et de soul Tower of Power revient en Belgique"},"content":{"rendered":"\t\t<div data-elementor-type=\"wp-post\" data-elementor-id=\"30885\" class=\"elementor elementor-30885 elementor-30830\" data-elementor-post-type=\"news\">\n\t\t\t\t\t\t<section class=\"has_eae_slider elementor-section elementor-top-section elementor-element elementor-element-16e37a31 elementor-section-boxed elementor-section-height-default elementor-section-height-default\" data-id=\"16e37a31\" data-element_type=\"section\" data-settings=\"{&quot;jet_parallax_layout_list&quot;:[]}\">\n\t\t\t\t\t\t<div class=\"elementor-container elementor-column-gap-default\">\n\t\t\t\t\t<div class=\"has_eae_slider elementor-column elementor-col-100 elementor-top-column elementor-element elementor-element-4740b3c3\" data-id=\"4740b3c3\" data-element_type=\"column\">\n\t\t\t<div class=\"elementor-widget-wrap elementor-element-populated\">\n\t\t\t\t\t\t<div class=\"elementor-element elementor-element-dd0d932 elementor-cta--skin-cover elementor-animated-content elementor-bg-transform elementor-bg-transform-zoom-in elementor-widget elementor-widget-call-to-action\" data-id=\"dd0d932\" data-element_type=\"widget\" data-widget_type=\"call-to-action.default\">\n\t\t\t\t<div class=\"elementor-widget-container\">\n\t\t\t<link rel=\"stylesheet\" href=\"https:\/\/gracialive.be\/wp-content\/plugins\/elementor-pro\/assets\/css\/widget-call-to-action.min.css\">\t\t<div class=\"elementor-cta\">\n\t\t\t\t\t<div class=\"elementor-cta__bg-wrapper\">\n\t\t\t\t<div class=\"elementor-cta__bg elementor-bg\" style=\"background-image: url(https:\/\/gracialive.be\/wp-content\/uploads\/2024\/06\/top-1200x300-1-1024x256.jpg);\" role=\"img\" aria-label=\"top-1200x300\"><\/div>\n\t\t\t\t<div class=\"elementor-cta__bg-overlay\"><\/div>\n\t\t\t<\/div>\n\t\t\t\t\t\t\t<div class=\"elementor-cta__content\">\n\t\t\t\t\n\t\t\t\t\t\t\t\t\t<h2 class=\"elementor-cta__title elementor-cta__content-item elementor-content-item elementor-animated-item--grow\">\n\t\t\t\t\t\t \t\t\t\t\t<\/h2>\n\t\t\t\t\n\t\t\t\t\n\t\t\t\t\t\t\t<\/div>\n\t\t\t\t\t\t\t<div class=\"elementor-ribbon\">\n\t\t\t\t<div class=\"elementor-ribbon-inner\">concertnews<\/div>\n\t\t\t<\/div>\n\t\t\t\t<\/div>\n\t\t\t\t<\/div>\n\t\t\t\t<\/div>\n\t\t\t\t\t<\/div>\n\t\t<\/div>\n\t\t\t\t\t<\/div>\n\t\t<\/section>\n\t\t\t\t<section class=\"has_eae_slider elementor-section elementor-top-section elementor-element elementor-element-78febd52 elementor-section-boxed elementor-section-height-default elementor-section-height-default\" data-id=\"78febd52\" data-element_type=\"section\" data-settings=\"{&quot;jet_parallax_layout_list&quot;:[]}\">\n\t\t\t\t\t\t<div class=\"elementor-container elementor-column-gap-default\">\n\t\t\t\t\t<div class=\"has_eae_slider elementor-column elementor-col-66 elementor-top-column elementor-element elementor-element-6076aa4d\" data-id=\"6076aa4d\" data-element_type=\"column\">\n\t\t\t<div class=\"elementor-widget-wrap elementor-element-populated\">\n\t\t\t\t\t\t<div class=\"elementor-element elementor-element-2a570f69 elementor-widget elementor-widget-heading\" data-id=\"2a570f69\" data-element_type=\"widget\" data-widget_type=\"heading.default\">\n\t\t\t\t<div class=\"elementor-widget-container\">\n\t\t\t<style>\/*! elementor - v3.22.0 - 17-06-2024 *\/\n.elementor-heading-title{padding:0;margin:0;line-height:1}.elementor-widget-heading .elementor-heading-title[class*=elementor-size-]>a{color:inherit;font-size:inherit;line-height:inherit}.elementor-widget-heading .elementor-heading-title.elementor-size-small{font-size:15px}.elementor-widget-heading .elementor-heading-title.elementor-size-medium{font-size:19px}.elementor-widget-heading .elementor-heading-title.elementor-size-large{font-size:29px}.elementor-widget-heading .elementor-heading-title.elementor-size-xl{font-size:39px}.elementor-widget-heading .elementor-heading-title.elementor-size-xxl{font-size:59px}<\/style><h1 class=\"elementor-heading-title elementor-size-default\">Tower of Power - 15.11.2024<\/h1>\t\t<\/div>\n\t\t\t\t<\/div>\n\t\t\t\t<div class=\"elementor-element elementor-element-9493aa2 elementor-widget elementor-widget-heading\" data-id=\"9493aa2\" data-element_type=\"widget\" data-widget_type=\"heading.default\">\n\t\t\t\t<div class=\"elementor-widget-container\">\n\t\t\t<h2 class=\"elementor-heading-title elementor-size-default\">Apr\u00e8s presque 10 ans d'absence, le groupe de funk et de soul iconique revient enfin en Belgique pour un concert \u00e0 ne pas manquer.<\/h2>\t\t<\/div>\n\t\t\t\t<\/div>\n\t\t\t\t<div class=\"elementor-element elementor-element-282a908e elementor-widget elementor-widget-spacer\" data-id=\"282a908e\" data-element_type=\"widget\" data-widget_type=\"spacer.default\">\n\t\t\t\t<div class=\"elementor-widget-container\">\n\t\t\t<style>\/*! elementor - v3.22.0 - 17-06-2024 *\/\n.elementor-column .elementor-spacer-inner{height:var(--spacer-size)}.e-con{--container-widget-width:100%}.e-con-inner>.elementor-widget-spacer,.e-con>.elementor-widget-spacer{width:var(--container-widget-width,var(--spacer-size));--align-self:var(--container-widget-align-self,initial);--flex-shrink:0}.e-con-inner>.elementor-widget-spacer>.elementor-widget-container,.e-con>.elementor-widget-spacer>.elementor-widget-container{height:100%;width:100%}.e-con-inner>.elementor-widget-spacer>.elementor-widget-container>.elementor-spacer,.e-con>.elementor-widget-spacer>.elementor-widget-container>.elementor-spacer{height:100%}.e-con-inner>.elementor-widget-spacer>.elementor-widget-container>.elementor-spacer>.elementor-spacer-inner,.e-con>.elementor-widget-spacer>.elementor-widget-container>.elementor-spacer>.elementor-spacer-inner{height:var(--container-widget-height,var(--spacer-size))}.e-con-inner>.elementor-widget-spacer.elementor-widget-empty,.e-con>.elementor-widget-spacer.elementor-widget-empty{position:relative;min-height:22px;min-width:22px}.e-con-inner>.elementor-widget-spacer.elementor-widget-empty .elementor-widget-empty-icon,.e-con>.elementor-widget-spacer.elementor-widget-empty .elementor-widget-empty-icon{position:absolute;top:0;bottom:0;left:0;right:0;margin:auto;padding:0;width:22px;height:22px}<\/style>\t\t<div class=\"elementor-spacer\">\n\t\t\t<div class=\"elementor-spacer-inner\"><\/div>\n\t\t<\/div>\n\t\t\t\t<\/div>\n\t\t\t\t<\/div>\n\t\t\t\t<div class=\"elementor-element elementor-element-4ee5323b elementor-widget elementor-widget-text-editor\" data-id=\"4ee5323b\" data-element_type=\"widget\" data-widget_type=\"text-editor.default\">\n\t\t\t\t<div class=\"elementor-widget-container\">\n\t\t\t<style>\/*! elementor - v3.22.0 - 17-06-2024 *\/\n.elementor-widget-text-editor.elementor-drop-cap-view-stacked .elementor-drop-cap{background-color:#69727d;color:#fff}.elementor-widget-text-editor.elementor-drop-cap-view-framed .elementor-drop-cap{color:#69727d;border:3px solid;background-color:transparent}.elementor-widget-text-editor:not(.elementor-drop-cap-view-default) .elementor-drop-cap{margin-top:8px}.elementor-widget-text-editor:not(.elementor-drop-cap-view-default) .elementor-drop-cap-letter{width:1em;height:1em}.elementor-widget-text-editor .elementor-drop-cap{float:left;text-align:center;line-height:1;font-size:50px}.elementor-widget-text-editor .elementor-drop-cap-letter{display:inline-block}<\/style>\t\t\t\t<div><strong>Depuis plus de 55 ans, Tower of Power offre le meilleur de la musique funk et soul. <\/strong>Depuis 1968, le groupe diffuse son style unique de musique soul \u00e0 ses fans et \u00e0 des foules &#8220;Souled Out&#8221;. Emilio Castillo, saxophoniste et l&#8217;un des fondateurs du groupe, dit que<strong> leur amour de la sc\u00e8ne est le m\u00eame aujourd&#8217;hui qu&#8217;en 1968.<\/strong><\/div>\t\t\t\t\t\t<\/div>\n\t\t\t\t<\/div>\n\t\t\t\t<div class=\"elementor-element elementor-element-5de7351 elementor-widget elementor-widget-spacer\" data-id=\"5de7351\" data-element_type=\"widget\" data-widget_type=\"spacer.default\">\n\t\t\t\t<div class=\"elementor-widget-container\">\n\t\t\t\t\t<div class=\"elementor-spacer\">\n\t\t\t<div class=\"elementor-spacer-inner\"><\/div>\n\t\t<\/div>\n\t\t\t\t<\/div>\n\t\t\t\t<\/div>\n\t\t\t\t<div class=\"elementor-element elementor-element-47b4509b elementor-widget elementor-widget-button\" data-id=\"47b4509b\" data-element_type=\"widget\" data-widget_type=\"button.default\">\n\t\t\t\t<div class=\"elementor-widget-container\">\n\t\t\t\t\t<div class=\"elementor-button-wrapper\">\n\t\t\t<a class=\"elementor-button elementor-button-link elementor-size-md\" href=\"https:\/\/www.ticketmaster.be\/event\/62333?language=fr-be\" target=\"_blank\">\n\t\t\t\t\t\t<span class=\"elementor-button-content-wrapper\">\n\t\t\t\t\t\t\t\t\t<span class=\"elementor-button-text\">Billets Tower of Power<\/span>\n\t\t\t\t\t<\/span>\n\t\t\t\t\t<\/a>\n\t\t<\/div>\n\t\t\t\t<\/div>\n\t\t\t\t<\/div>\n\t\t\t\t<div class=\"elementor-element elementor-element-16767222 elementor-widget elementor-widget-spacer\" data-id=\"16767222\" data-element_type=\"widget\" data-widget_type=\"spacer.default\">\n\t\t\t\t<div class=\"elementor-widget-container\">\n\t\t\t\t\t<div class=\"elementor-spacer\">\n\t\t\t<div class=\"elementor-spacer-inner\"><\/div>\n\t\t<\/div>\n\t\t\t\t<\/div>\n\t\t\t\t<\/div>\n\t\t\t\t<div class=\"elementor-element elementor-element-3199de01 elementor-widget elementor-widget-text-editor\" data-id=\"3199de01\" data-element_type=\"widget\" data-widget_type=\"text-editor.default\">\n\t\t\t\t<div class=\"elementor-widget-container\">\n\t\t\t\t\t\t\t<p>Leur premier album, <strong>\u201cEast Bay Grease\u201d,<\/strong> a d\u00e9fini leur son et les a fait signer chez Warner Brothers. <strong>\u201cBump City&#8221;,<\/strong> leur premier album pour le label en 1972, a \u00e9t\u00e9 un succ\u00e8s tant sur le <strong>Billboard 200<\/strong> que sur le classement <strong>des albums R&amp;B<\/strong>, et leur a valu les tubes \u201c<strong>You&#8217;re Still A Young Man\u201d<\/strong> et \u201c<strong>Down to The Nightclub\u201d.<\/strong> Les ann\u00e9es 70 ont \u00e9t\u00e9 une p\u00e9riode faste avec des classiques radio comme \u201c<strong>So Very Hard to Go\u201d<\/strong> et \u201c<strong>What Is Hip\u201d,<\/strong> et le groupe a continu\u00e9 \u00e0 tourner et \u00e0 enregistrer au fil des ans. Le groupe a depuis longtemps d\u00e9pass\u00e9 les modestes aspirations de Castillo, voyageant dans le monde entier, jouissant de singles \u00e0 succ\u00e8s en solo et accompagnant des artistes l\u00e9gendaires comme <strong>Otis Redding, Elton John, Santana, le Grateful Dead, John Lee Hooker, Aerosmith, Bonnie Raitt<\/strong> et bien d&#8217;autres.<\/p><p><strong>L&#8217;avenir de Tower of Power s&#8217;annonce vigoureux et dynamique, et promet de l&#8217;\u00eatre pour les fans du monde entier avides du groove du groupe, comme Tower of Power l&#8217;aime. R\u00e9put\u00e9 pour ses performances live, Tower of Power vous promet une soir\u00e9e inoubliable.<\/strong><\/p>\t\t\t\t\t\t<\/div>\n\t\t\t\t<\/div>\n\t\t\t\t<div class=\"elementor-element elementor-element-2a7aafb4 elementor-widget elementor-widget-spacer\" data-id=\"2a7aafb4\" data-element_type=\"widget\" data-widget_type=\"spacer.default\">\n\t\t\t\t<div class=\"elementor-widget-container\">\n\t\t\t\t\t<div class=\"elementor-spacer\">\n\t\t\t<div class=\"elementor-spacer-inner\"><\/div>\n\t\t<\/div>\n\t\t\t\t<\/div>\n\t\t\t\t<\/div>\n\t\t\t\t<div class=\"elementor-element elementor-element-b943b0b elementor-widget elementor-widget-text-editor\" data-id=\"b943b0b\" data-element_type=\"widget\" data-widget_type=\"text-editor.default\">\n\t\t\t\t<div class=\"elementor-widget-container\">\n\t\t\t\t\t\t\t<p><em><strong>Ne manquez pas ce concert unique au Capitole Gent le vendredi 15 novembre 2024 et achetez vos billets d\u00e8s maintenant sur <a href=\"http:\/\/www.gracialive.be\">www.gracialive.be<\/a>.\u00a0<\/strong><\/em><\/p>\t\t\t\t\t\t<\/div>\n\t\t\t\t<\/div>\n\t\t\t\t\t<\/div>\n\t\t<\/div>\n\t\t\t\t<div class=\"has_eae_slider elementor-column elementor-col-33 elementor-top-column elementor-element elementor-element-7848b28c\" data-id=\"7848b28c\" data-element_type=\"column\">\n\t\t\t<div class=\"elementor-widget-wrap elementor-element-populated\">\n\t\t\t\t\t\t<div class=\"elementor-element elementor-element-486d9b20 border_heading_vacatures elementor-widget elementor-widget-heading\" data-id=\"486d9b20\" data-element_type=\"widget\" data-widget_type=\"heading.default\">\n\t\t\t\t<div class=\"elementor-widget-container\">\n\t\t\t<h1 class=\"elementor-heading-title elementor-size-default\">Laatst aangekondigd<\/h1>\t\t<\/div>\n\t\t\t\t<\/div>\n\t\t\t\t<div class=\"elementor-element elementor-element-77c7cdf3 elementor-grid-1 elementor-grid-tablet-2 elementor-grid-mobile-1 elementor-widget elementor-widget-loop-grid\" data-id=\"77c7cdf3\" data-element_type=\"widget\" data-settings=\"{&quot;template_id&quot;:25355,&quot;columns&quot;:1,&quot;row_gap&quot;:{&quot;unit&quot;:&quot;rem&quot;,&quot;size&quot;:0.5,&quot;sizes&quot;:[]},&quot;row_gap_tablet&quot;:{&quot;unit&quot;:&quot;rem&quot;,&quot;size&quot;:&quot;&quot;,&quot;sizes&quot;:[]},&quot;row_gap_mobile&quot;:{&quot;unit&quot;:&quot;rem&quot;,&quot;size&quot;:&quot;&quot;,&quot;sizes&quot;:[]},&quot;_skin&quot;:&quot;post&quot;,&quot;columns_tablet&quot;:&quot;2&quot;,&quot;columns_mobile&quot;:&quot;1&quot;,&quot;edit_handle_selector&quot;:&quot;[data-elementor-type=\\&quot;loop-item\\&quot;]&quot;}\" data-widget_type=\"loop-grid.post\">\n\t\t\t\t<div class=\"elementor-widget-container\">\n\t\t\t<link rel=\"stylesheet\" href=\"https:\/\/gracialive.be\/wp-content\/plugins\/elementor-pro\/assets\/css\/widget-loop-builder.min.css\">\t\t<div class=\"elementor-loop-container elementor-grid\">\n\t\t<style id=\"loop-25355\">.elementor-25355 .elementor-element.elementor-element-751678a:not(.elementor-motion-effects-element-type-background) > .elementor-widget-wrap, .elementor-25355 .elementor-element.elementor-element-751678a > .elementor-widget-wrap > .elementor-motion-effects-container > .elementor-motion-effects-layer{background-color:#E2F3FF78;}.elementor-25355 .elementor-element.elementor-element-751678a > .elementor-element-populated, .elementor-25355 .elementor-element.elementor-element-751678a > .elementor-element-populated > .elementor-background-overlay, .elementor-25355 .elementor-element.elementor-element-751678a > .elementor-background-slideshow{border-radius:8px 8px 8px 8px;}.elementor-25355 .elementor-element.elementor-element-751678a > .elementor-element-populated{transition:background 0.3s, border 0.3s, border-radius 0.3s, box-shadow 0.3s;}.elementor-25355 .elementor-element.elementor-element-751678a > .elementor-element-populated > .elementor-background-overlay{transition:background 0.3s, border-radius 0.3s, opacity 0.3s;}.elementor-25355 .elementor-element.elementor-element-71a4685{text-align:right;}.elementor-25355 .elementor-element.elementor-element-71a4685 .elementor-heading-title{color:var( --e-global-color-accent );}.elementor-25355 .elementor-element.elementor-element-71a4685 > .elementor-widget-container{margin:6px 0px 0px 0px;}<\/style>\t\t<div data-elementor-type=\"loop-item\" data-elementor-id=\"25355\" class=\"elementor elementor-25355 e-loop-item e-loop-item-42181 post-42181 news type-news status-publish has-post-thumbnail hentry entry\" data-elementor-post-type=\"elementor_library\" data-custom-edit-handle=\"1\">\n\t\t\t\t\t<section class=\"has_eae_slider elementor-section elementor-top-section elementor-element elementor-element-bf11e25 elementor-section-boxed elementor-section-height-default elementor-section-height-default\" data-id=\"bf11e25\" data-element_type=\"section\" data-settings=\"{&quot;jet_parallax_layout_list&quot;:[]}\">\n\t\t\t\t\t\t<div class=\"elementor-container elementor-column-gap-default\">\n\t\t\t\t\t<div class=\"has_eae_slider elementor-column elementor-col-100 elementor-top-column elementor-element elementor-element-751678a\" data-id=\"751678a\" data-element_type=\"column\" data-settings=\"{&quot;background_background&quot;:&quot;classic&quot;}\">\n\t\t\t<div class=\"elementor-widget-wrap elementor-element-populated\">\n\t\t\t\t\t\t<div class=\"elementor-element elementor-element-ca54aa8 elementor-widget elementor-widget-image\" data-id=\"ca54aa8\" data-element_type=\"widget\" data-widget_type=\"image.default\">\n\t\t\t\t<div class=\"elementor-widget-container\">\n\t\t\t<style>\/*! elementor - v3.22.0 - 17-06-2024 *\/\n.elementor-widget-image{text-align:center}.elementor-widget-image a{display:inline-block}.elementor-widget-image a img[src$=\".svg\"]{width:48px}.elementor-widget-image img{vertical-align:middle;display:inline-block}<\/style>\t\t\t\t\t\t\t\t\t\t\t<a href=\"https:\/\/gracialive.be\/fr\/news\/wu-tang-clan-2026\/\">\n\t\t\t\t\t\t\t<img decoding=\"async\" src=\"https:\/\/gracialive.be\/wp-content\/uploads\/2025\/10\/wt-1920x1080-1.jpg\" title=\"\" alt=\"\" loading=\"lazy\" \/>\t\t\t\t\t\t\t\t<\/a>\n\t\t\t\t\t\t\t\t\t\t\t\t\t<\/div>\n\t\t\t\t<\/div>\n\t\t\t\t<div class=\"elementor-element elementor-element-71a4685 elementor-widget elementor-widget-theme-post-title elementor-page-title elementor-widget-heading\" data-id=\"71a4685\" data-element_type=\"widget\" data-widget_type=\"theme-post-title.default\">\n\t\t\t\t<div class=\"elementor-widget-container\">\n\t\t\t<h4 class=\"elementor-heading-title elementor-size-default\">\u00ab Wu Tang Forever : The Final Chamber \u00bb : le 15 mars 2026 \u00e0 l\u2019ING Arena de Bruxelles<\/h4>\t\t<\/div>\n\t\t\t\t<\/div>\n\t\t\t\t\t<\/div>\n\t\t<\/div>\n\t\t\t\t\t<\/div>\n\t\t<\/section>\n\t\t\t\t<\/div>\n\t\t\t\t<div data-elementor-type=\"loop-item\" data-elementor-id=\"25355\" class=\"elementor elementor-25355 e-loop-item e-loop-item-42168 post-42168 news type-news status-publish has-post-thumbnail hentry entry\" data-elementor-post-type=\"elementor_library\" data-custom-edit-handle=\"1\">\n\t\t\t\t\t<section class=\"has_eae_slider elementor-section elementor-top-section elementor-element elementor-element-bf11e25 elementor-section-boxed elementor-section-height-default elementor-section-height-default\" data-id=\"bf11e25\" data-element_type=\"section\" data-settings=\"{&quot;jet_parallax_layout_list&quot;:[]}\">\n\t\t\t\t\t\t<div class=\"elementor-container elementor-column-gap-default\">\n\t\t\t\t\t<div class=\"has_eae_slider elementor-column elementor-col-100 elementor-top-column elementor-element elementor-element-751678a\" data-id=\"751678a\" data-element_type=\"column\" data-settings=\"{&quot;background_background&quot;:&quot;classic&quot;}\">\n\t\t\t<div class=\"elementor-widget-wrap elementor-element-populated\">\n\t\t\t\t\t\t<div class=\"elementor-element elementor-element-ca54aa8 elementor-widget elementor-widget-image\" data-id=\"ca54aa8\" data-element_type=\"widget\" data-widget_type=\"image.default\">\n\t\t\t\t<div class=\"elementor-widget-container\">\n\t\t\t\t\t\t\t\t\t\t\t\t\t\t<a href=\"https:\/\/gracialive.be\/fr\/news\/eric-clapton-2026\/\">\n\t\t\t\t\t\t\t<img decoding=\"async\" src=\"https:\/\/gracialive.be\/wp-content\/uploads\/2025\/10\/ec-web-1920x1080-1.jpg\" title=\"\" alt=\"\" loading=\"lazy\" \/>\t\t\t\t\t\t\t\t<\/a>\n\t\t\t\t\t\t\t\t\t\t\t\t\t<\/div>\n\t\t\t\t<\/div>\n\t\t\t\t<div class=\"elementor-element elementor-element-71a4685 elementor-widget elementor-widget-theme-post-title elementor-page-title elementor-widget-heading\" data-id=\"71a4685\" data-element_type=\"widget\" data-widget_type=\"theme-post-title.default\">\n\t\t\t\t<div class=\"elementor-widget-container\">\n\t\t\t<h4 class=\"elementor-heading-title elementor-size-default\">Le 26 avril 2026, le virtuose de la guitare Eric Clapton sera de retour en Belgique pour un concert exceptionnel \u00e0 l\u2019AFAS Dome \u00e0 Anvers<\/h4>\t\t<\/div>\n\t\t\t\t<\/div>\n\t\t\t\t\t<\/div>\n\t\t<\/div>\n\t\t\t\t\t<\/div>\n\t\t<\/section>\n\t\t\t\t<\/div>\n\t\t\t\t<div data-elementor-type=\"loop-item\" data-elementor-id=\"25355\" class=\"elementor elementor-25355 e-loop-item e-loop-item-42156 post-42156 news type-news status-publish has-post-thumbnail hentry entry\" data-elementor-post-type=\"elementor_library\" data-custom-edit-handle=\"1\">\n\t\t\t\t\t<section class=\"has_eae_slider elementor-section elementor-top-section elementor-element elementor-element-bf11e25 elementor-section-boxed elementor-section-height-default elementor-section-height-default\" data-id=\"bf11e25\" data-element_type=\"section\" data-settings=\"{&quot;jet_parallax_layout_list&quot;:[]}\">\n\t\t\t\t\t\t<div class=\"elementor-container elementor-column-gap-default\">\n\t\t\t\t\t<div class=\"has_eae_slider elementor-column elementor-col-100 elementor-top-column elementor-element elementor-element-751678a\" data-id=\"751678a\" data-element_type=\"column\" data-settings=\"{&quot;background_background&quot;:&quot;classic&quot;}\">\n\t\t\t<div class=\"elementor-widget-wrap elementor-element-populated\">\n\t\t\t\t\t\t<div class=\"elementor-element elementor-element-ca54aa8 elementor-widget elementor-widget-image\" data-id=\"ca54aa8\" data-element_type=\"widget\" data-widget_type=\"image.default\">\n\t\t\t\t<div class=\"elementor-widget-container\">\n\t\t\t\t\t\t\t\t\t\t\t\t\t\t<a href=\"https:\/\/gracialive.be\/fr\/news\/helmut-lotti-2025\/\">\n\t\t\t\t\t\t\t<img decoding=\"async\" src=\"https:\/\/gracialive.be\/wp-content\/uploads\/2025\/05\/hc-1920x1080-1.jpg\" title=\"\" alt=\"\" loading=\"lazy\" \/>\t\t\t\t\t\t\t\t<\/a>\n\t\t\t\t\t\t\t\t\t\t\t\t\t<\/div>\n\t\t\t\t<\/div>\n\t\t\t\t<div class=\"elementor-element elementor-element-71a4685 elementor-widget elementor-widget-theme-post-title elementor-page-title elementor-widget-heading\" data-id=\"71a4685\" data-element_type=\"widget\" data-widget_type=\"theme-post-title.default\">\n\t\t\t\t<div class=\"elementor-widget-container\">\n\t\t\t<h4 class=\"elementor-heading-title elementor-size-default\">Helmut Lotti f\u00eate le 30\u1d49 anniversaire de &#8216;Helmut Lotti Goes Classic&#8217; avec une tourn\u00e9e festive \u00e0 travers la Belgique<\/h4>\t\t<\/div>\n\t\t\t\t<\/div>\n\t\t\t\t\t<\/div>\n\t\t<\/div>\n\t\t\t\t\t<\/div>\n\t\t<\/section>\n\t\t\t\t<\/div>\n\t\t\t\t<\/div>\n\t\t\n\t\t\t\t<\/div>\n\t\t\t\t<\/div>\n\t\t\t\t\t<\/div>\n\t\t<\/div>\n\t\t\t\t\t<\/div>\n\t\t<\/section>\n\t\t\t\t<section class=\"has_eae_slider elementor-section elementor-top-section elementor-element elementor-element-3e4d945e elementor-section-boxed elementor-section-height-default elementor-section-height-default\" data-id=\"3e4d945e\" data-element_type=\"section\" data-settings=\"{&quot;jet_parallax_layout_list&quot;:[]}\">\n\t\t\t\t\t\t<div class=\"elementor-container elementor-column-gap-default\">\n\t\t\t\t\t<div class=\"has_eae_slider elementor-column elementor-col-100 elementor-top-column elementor-element elementor-element-2de40639\" data-id=\"2de40639\" data-element_type=\"column\">\n\t\t\t<div class=\"elementor-widget-wrap elementor-element-populated\">\n\t\t\t\t\t\t<div class=\"elementor-element elementor-element-36e76f2a elementor-widget elementor-widget-spacer\" data-id=\"36e76f2a\" data-element_type=\"widget\" data-widget_type=\"spacer.default\">\n\t\t\t\t<div class=\"elementor-widget-container\">\n\t\t\t\t\t<div class=\"elementor-spacer\">\n\t\t\t<div class=\"elementor-spacer-inner\"><\/div>\n\t\t<\/div>\n\t\t\t\t<\/div>\n\t\t\t\t<\/div>\n\t\t\t\t\t<\/div>\n\t\t<\/div>\n\t\t\t\t\t<\/div>\n\t\t<\/section>\n\t\t\t\t<\/div>\n\t\t","protected":false},"featured_media":30883,"template":"elementor_header_footer","yoast_head":"<!-- This site is optimized with the Yoast SEO Premium plugin v21.5 (Yoast SEO v21.5) - https:\/\/yoast.com\/wordpress\/plugins\/seo\/ -->\n<title>Apr\u00e8s presque 10 ans d&#039;absence, le groupe iconique de funk et de soul Tower of Power revient en Belgique - Gracia Live<\/title>\n<meta name=\"robots\" content=\"index, follow, max-snippet:-1, max-image-preview:large, max-video-preview:-1\" \/>\n<link rel=\"canonical\" href=\"https:\/\/gracialive.be\/fr\/news\/tower-of-power-2024\/\" \/>\n<meta property=\"og:locale\" content=\"fr_FR\" \/>\n<meta property=\"og:type\" content=\"article\" \/>\n<meta property=\"og:title\" content=\"Apr\u00e8s presque 10 ans d&#039;absence, le groupe iconique de funk et de soul Tower of Power revient en Belgique\" \/>\n<meta property=\"og:description\" content=\"concertnews Tower of Power &#8211; 15.11.2024 Apr\u00e8s presque 10 ans d&#8217;absence, le groupe de funk et de soul iconique revient enfin en Belgique pour un concert \u00e0 ne pas manquer. Depuis plus de 55 ans, Tower of Power offre le meilleur de la musique funk et soul. Depuis 1968, le groupe diffuse son style unique &hellip; Continuer la lecture \u00ab\u00a0Helmut Lotti f\u00eate le 30\u1d49 anniversaire de &#8216;Helmut Lotti Goes Classic&#8217; avec une tourn\u00e9e festive \u00e0 travers la Belgique\u00a0\u00bb\" \/>\n<meta property=\"og:url\" content=\"https:\/\/gracialive.be\/fr\/news\/tower-of-power-2024\/\" \/>\n<meta property=\"og:site_name\" content=\"Gracia Live\" \/>\n<meta property=\"article:publisher\" content=\"https:\/\/www.facebook.com\/gracialivebelgium\" \/>\n<meta property=\"article:modified_time\" content=\"2024-06-10T14:40:17+00:00\" \/>\n<meta property=\"og:image\" content=\"https:\/\/gracialive.be\/wp-content\/uploads\/2024\/06\/top-1200x300-1.jpg\" \/>\n\t<meta property=\"og:image:width\" content=\"1200\" \/>\n\t<meta property=\"og:image:height\" content=\"300\" \/>\n\t<meta property=\"og:image:type\" content=\"image\/jpeg\" \/>\n<meta name=\"twitter:card\" content=\"summary_large_image\" \/>\n<meta name=\"twitter:site\" content=\"@GRACIALIVEBEL\" \/>\n<meta name=\"twitter:label1\" content=\"Dur\u00e9e de lecture estim\u00e9e\" \/>\n\t<meta name=\"twitter:data1\" content=\"4 minutes\" \/>\n<script type=\"application\/ld+json\" class=\"yoast-schema-graph\">{\"@context\":\"https:\/\/schema.org\",\"@graph\":[{\"@type\":\"WebPage\",\"@id\":\"https:\/\/gracialive.be\/fr\/news\/tower-of-power-2024\/\",\"url\":\"https:\/\/gracialive.be\/fr\/news\/tower-of-power-2024\/\",\"name\":\"Apr\u00e8s presque 10 ans d'absence, le groupe iconique de funk et de soul Tower of Power revient en Belgique - Gracia Live\",\"isPartOf\":{\"@id\":\"https:\/\/gracialive.be\/#website\"},\"datePublished\":\"2024-06-10T14:34:10+00:00\",\"dateModified\":\"2024-06-10T14:40:17+00:00\",\"breadcrumb\":{\"@id\":\"https:\/\/gracialive.be\/fr\/news\/tower-of-power-2024\/#breadcrumb\"},\"inLanguage\":\"fr-FR\",\"potentialAction\":[{\"@type\":\"ReadAction\",\"target\":[\"https:\/\/gracialive.be\/fr\/news\/tower-of-power-2024\/\"]}]},{\"@type\":\"BreadcrumbList\",\"@id\":\"https:\/\/gracialive.be\/fr\/news\/tower-of-power-2024\/#breadcrumb\",\"itemListElement\":[{\"@type\":\"ListItem\",\"position\":1,\"name\":\"Home\",\"item\":\"https:\/\/gracialive.be\/fr\/\"},{\"@type\":\"ListItem\",\"position\":2,\"name\":\"Apr\u00e8s presque 10 ans d&#8217;absence, le groupe iconique de funk et de soul Tower of Power revient en Belgique\"}]},{\"@type\":\"WebSite\",\"@id\":\"https:\/\/gracialive.be\/#website\",\"url\":\"https:\/\/gracialive.be\/\",\"name\":\"Gracia Live\",\"description\":\"Concert en Event Promotor Belgium\",\"publisher\":{\"@id\":\"https:\/\/gracialive.be\/#organization\"},\"potentialAction\":[{\"@type\":\"SearchAction\",\"target\":{\"@type\":\"EntryPoint\",\"urlTemplate\":\"https:\/\/gracialive.be\/?s={search_term_string}\"},\"query-input\":\"required name=search_term_string\"}],\"inLanguage\":\"fr-FR\"},{\"@type\":\"Organization\",\"@id\":\"https:\/\/gracialive.be\/#organization\",\"name\":\"Gracia Live\",\"url\":\"https:\/\/gracialive.be\/\",\"logo\":{\"@type\":\"ImageObject\",\"inLanguage\":\"fr-FR\",\"@id\":\"https:\/\/gracialive.be\/#\/schema\/logo\/image\/\",\"url\":\"https:\/\/gracialive.be\/wp-content\/uploads\/2022\/01\/cropped-GL-500x300_zwart.png\",\"contentUrl\":\"https:\/\/gracialive.be\/wp-content\/uploads\/2022\/01\/cropped-GL-500x300_zwart.png\",\"width\":512,\"height\":512,\"caption\":\"Gracia Live\"},\"image\":{\"@id\":\"https:\/\/gracialive.be\/#\/schema\/logo\/image\/\"},\"sameAs\":[\"https:\/\/www.facebook.com\/gracialivebelgium\",\"https:\/\/twitter.com\/GRACIALIVEBEL\",\"https:\/\/www.instagram.com\/gracialive_belgium\/\"]}]}<\/script>\n<!-- \/ Yoast SEO Premium plugin. -->","yoast_head_json":{"title":"Apr\u00e8s presque 10 ans d'absence, le groupe iconique de funk et de soul Tower of Power revient en Belgique - Gracia Live","robots":{"index":"index","follow":"follow","max-snippet":"max-snippet:-1","max-image-preview":"max-image-preview:large","max-video-preview":"max-video-preview:-1"},"canonical":"https:\/\/gracialive.be\/fr\/news\/tower-of-power-2024\/","og_locale":"fr_FR","og_type":"article","og_title":"Apr\u00e8s presque 10 ans d'absence, le groupe iconique de funk et de soul Tower of Power revient en Belgique","og_description":"concertnews Tower of Power &#8211; 15.11.2024 Apr\u00e8s presque 10 ans d&#8217;absence, le groupe de funk et de soul iconique revient enfin en Belgique pour un concert \u00e0 ne pas manquer. Depuis plus de 55 ans, Tower of Power offre le meilleur de la musique funk et soul. Depuis 1968, le groupe diffuse son style unique &hellip; Continuer la lecture \u00ab\u00a0Helmut Lotti f\u00eate le 30\u1d49 anniversaire de &#8216;Helmut Lotti Goes Classic&#8217; avec une tourn\u00e9e festive \u00e0 travers la Belgique\u00a0\u00bb","og_url":"https:\/\/gracialive.be\/fr\/news\/tower-of-power-2024\/","og_site_name":"Gracia Live","article_publisher":"https:\/\/www.facebook.com\/gracialivebelgium","article_modified_time":"2024-06-10T14:40:17+00:00","og_image":[{"width":1200,"height":300,"url":"https:\/\/gracialive.be\/wp-content\/uploads\/2024\/06\/top-1200x300-1.jpg","type":"image\/jpeg"}],"twitter_card":"summary_large_image","twitter_site":"@GRACIALIVEBEL","twitter_misc":{"Dur\u00e9e de lecture estim\u00e9e":"4 minutes"},"schema":{"@context":"https:\/\/schema.org","@graph":[{"@type":"WebPage","@id":"https:\/\/gracialive.be\/fr\/news\/tower-of-power-2024\/","url":"https:\/\/gracialive.be\/fr\/news\/tower-of-power-2024\/","name":"Apr\u00e8s presque 10 ans d'absence, le groupe iconique de funk et de soul Tower of Power revient en Belgique - Gracia Live","isPartOf":{"@id":"https:\/\/gracialive.be\/#website"},"datePublished":"2024-06-10T14:34:10+00:00","dateModified":"2024-06-10T14:40:17+00:00","breadcrumb":{"@id":"https:\/\/gracialive.be\/fr\/news\/tower-of-power-2024\/#breadcrumb"},"inLanguage":"fr-FR","potentialAction":[{"@type":"ReadAction","target":["https:\/\/gracialive.be\/fr\/news\/tower-of-power-2024\/"]}]},{"@type":"BreadcrumbList","@id":"https:\/\/gracialive.be\/fr\/news\/tower-of-power-2024\/#breadcrumb","itemListElement":[{"@type":"ListItem","position":1,"name":"Home","item":"https:\/\/gracialive.be\/fr\/"},{"@type":"ListItem","position":2,"name":"Apr\u00e8s presque 10 ans d&#8217;absence, le groupe iconique de funk et de soul Tower of Power revient en Belgique"}]},{"@type":"WebSite","@id":"https:\/\/gracialive.be\/#website","url":"https:\/\/gracialive.be\/","name":"Gracia Live","description":"Concert en Event Promotor Belgium","publisher":{"@id":"https:\/\/gracialive.be\/#organization"},"potentialAction":[{"@type":"SearchAction","target":{"@type":"EntryPoint","urlTemplate":"https:\/\/gracialive.be\/?s={search_term_string}"},"query-input":"required name=search_term_string"}],"inLanguage":"fr-FR"},{"@type":"Organization","@id":"https:\/\/gracialive.be\/#organization","name":"Gracia Live","url":"https:\/\/gracialive.be\/","logo":{"@type":"ImageObject","inLanguage":"fr-FR","@id":"https:\/\/gracialive.be\/#\/schema\/logo\/image\/","url":"https:\/\/gracialive.be\/wp-content\/uploads\/2022\/01\/cropped-GL-500x300_zwart.png","contentUrl":"https:\/\/gracialive.be\/wp-content\/uploads\/2022\/01\/cropped-GL-500x300_zwart.png","width":512,"height":512,"caption":"Gracia Live"},"image":{"@id":"https:\/\/gracialive.be\/#\/schema\/logo\/image\/"},"sameAs":["https:\/\/www.facebook.com\/gracialivebelgium","https:\/\/twitter.com\/GRACIALIVEBEL","https:\/\/www.instagram.com\/gracialive_belgium\/"]}]}},"acf":{"news-image":"https:\/\/gracialive.be\/wp-content\/uploads\/2024\/05\/top-1920x1080-1.jpg","news-text":"Depuis plus de 55 ans, Tower of Power offre le meilleur de la musique funk et soul. Apr\u00e8s 10 ans, le groupe iconique revient enfin en Belgique pour un concert \u00e0 ne pas manquer: le 15 novembre 2025 au Capitole Gent. Leur amour de la sc\u00e8ne est le m\u00eame aujourd'hui qu'en 1968.","news-titel":""},"_links":{"self":[{"href":"https:\/\/gracialive.be\/fr\/wp-json\/wp\/v2\/news\/30885"}],"collection":[{"href":"https:\/\/gracialive.be\/fr\/wp-json\/wp\/v2\/news"}],"about":[{"href":"https:\/\/gracialive.be\/fr\/wp-json\/wp\/v2\/types\/news"}],"version-history":[{"count":4,"href":"https:\/\/gracialive.be\/fr\/wp-json\/wp\/v2\/news\/30885\/revisions"}],"predecessor-version":[{"id":30889,"href":"https:\/\/gracialive.be\/fr\/wp-json\/wp\/v2\/news\/30885\/revisions\/30889"}],"wp:featuredmedia":[{"embeddable":true,"href":"https:\/\/gracialive.be\/fr\/wp-json\/wp\/v2\/media\/30883"}],"wp:attachment":[{"href":"https:\/\/gracialive.be\/fr\/wp-json\/wp\/v2\/media?parent=30885"}],"curies":[{"name":"wp","href":"https:\/\/api.w.org\/{rel}","templated":true}]}}