{"id":30874,"date":"2024-06-10T15:18:05","date_gmt":"2024-06-10T14:18:05","guid":{"rendered":"https:\/\/gracialive.be\/news\/inez-2024\/"},"modified":"2024-06-10T15:22:57","modified_gmt":"2024-06-10T14:22:57","slug":"inez-2024","status":"publish","type":"news","link":"https:\/\/gracialive.be\/fr\/news\/inez-2024\/","title":{"rendered":"INEZ annonce sa toute premi\u00e8re tourn\u00e9e et sera \u00e0 l&#8217;AB Club \u00e0 Bruxelles le 1er d\u00e9cembre 2024"},"content":{"rendered":"\t\t<div data-elementor-type=\"wp-post\" data-elementor-id=\"30874\" class=\"elementor elementor-30874 elementor-30816\" data-elementor-post-type=\"news\">\n\t\t\t\t\t\t<section class=\"has_eae_slider elementor-section elementor-top-section elementor-element elementor-element-9b5325c elementor-section-boxed elementor-section-height-default elementor-section-height-default\" data-id=\"9b5325c\" data-element_type=\"section\" data-settings=\"{&quot;jet_parallax_layout_list&quot;:[]}\">\n\t\t\t\t\t\t<div class=\"elementor-container elementor-column-gap-default\">\n\t\t\t\t\t<div class=\"has_eae_slider elementor-column elementor-col-100 elementor-top-column elementor-element elementor-element-53af506d\" data-id=\"53af506d\" data-element_type=\"column\">\n\t\t\t<div class=\"elementor-widget-wrap elementor-element-populated\">\n\t\t\t\t\t\t<div class=\"elementor-element elementor-element-3a0a6cf5 elementor-cta--skin-cover elementor-animated-content elementor-bg-transform elementor-bg-transform-zoom-in elementor-widget elementor-widget-call-to-action\" data-id=\"3a0a6cf5\" data-element_type=\"widget\" data-widget_type=\"call-to-action.default\">\n\t\t\t\t<div class=\"elementor-widget-container\">\n\t\t\t<link rel=\"stylesheet\" href=\"https:\/\/gracialive.be\/wp-content\/plugins\/elementor-pro\/assets\/css\/widget-call-to-action.min.css\">\t\t<div class=\"elementor-cta\">\n\t\t\t\t\t<div class=\"elementor-cta__bg-wrapper\">\n\t\t\t\t<div class=\"elementor-cta__bg elementor-bg\" style=\"background-image: url(https:\/\/gracialive.be\/wp-content\/uploads\/2024\/06\/inez-1200x300-1-1024x256.jpg);\" role=\"img\" aria-label=\"inez-1200x300\"><\/div>\n\t\t\t\t<div class=\"elementor-cta__bg-overlay\"><\/div>\n\t\t\t<\/div>\n\t\t\t\t\t\t\t<div class=\"elementor-cta__content\">\n\t\t\t\t\n\t\t\t\t\t\t\t\t\t<h2 class=\"elementor-cta__title elementor-cta__content-item elementor-content-item elementor-animated-item--grow\">\n\t\t\t\t\t\t \t\t\t\t\t<\/h2>\n\t\t\t\t\n\t\t\t\t\n\t\t\t\t\t\t\t<\/div>\n\t\t\t\t\t\t\t<div class=\"elementor-ribbon\">\n\t\t\t\t<div class=\"elementor-ribbon-inner\">concertnews<\/div>\n\t\t\t<\/div>\n\t\t\t\t<\/div>\n\t\t\t\t<\/div>\n\t\t\t\t<\/div>\n\t\t\t\t\t<\/div>\n\t\t<\/div>\n\t\t\t\t\t<\/div>\n\t\t<\/section>\n\t\t\t\t<section class=\"has_eae_slider elementor-section elementor-top-section elementor-element elementor-element-697d67cb elementor-section-boxed elementor-section-height-default elementor-section-height-default\" data-id=\"697d67cb\" data-element_type=\"section\" data-settings=\"{&quot;jet_parallax_layout_list&quot;:[]}\">\n\t\t\t\t\t\t<div class=\"elementor-container elementor-column-gap-default\">\n\t\t\t\t\t<div class=\"has_eae_slider elementor-column elementor-col-66 elementor-top-column elementor-element elementor-element-20ebac1c\" data-id=\"20ebac1c\" data-element_type=\"column\">\n\t\t\t<div class=\"elementor-widget-wrap elementor-element-populated\">\n\t\t\t\t\t\t<div class=\"elementor-element elementor-element-98c8987 elementor-widget elementor-widget-heading\" data-id=\"98c8987\" data-element_type=\"widget\" data-widget_type=\"heading.default\">\n\t\t\t\t<div class=\"elementor-widget-container\">\n\t\t\t<style>\/*! elementor - v3.22.0 - 17-06-2024 *\/\n.elementor-heading-title{padding:0;margin:0;line-height:1}.elementor-widget-heading .elementor-heading-title[class*=elementor-size-]>a{color:inherit;font-size:inherit;line-height:inherit}.elementor-widget-heading .elementor-heading-title.elementor-size-small{font-size:15px}.elementor-widget-heading .elementor-heading-title.elementor-size-medium{font-size:19px}.elementor-widget-heading .elementor-heading-title.elementor-size-large{font-size:29px}.elementor-widget-heading .elementor-heading-title.elementor-size-xl{font-size:39px}.elementor-widget-heading .elementor-heading-title.elementor-size-xxl{font-size:59px}<\/style><h1 class=\"elementor-heading-title elementor-size-default\">INEZ - 01.12.2024<\/h1>\t\t<\/div>\n\t\t\t\t<\/div>\n\t\t\t\t<div class=\"elementor-element elementor-element-22a49cb1 elementor-widget elementor-widget-heading\" data-id=\"22a49cb1\" data-element_type=\"widget\" data-widget_type=\"heading.default\">\n\t\t\t\t<div class=\"elementor-widget-container\">\n\t\t\t<h2 class=\"elementor-heading-title elementor-size-default\">LA CHANTEUSE MAROCAINE-N\u00c9ERLANDAISE INEZ PARTICIPE POUR LA PREMI\u00c8RE FOIS EN TOURNEE et sera \u00e0 l'AB CLUB DE BRUXELLES le 1er D\u00c9CEMBRE<\/h2>\t\t<\/div>\n\t\t\t\t<\/div>\n\t\t\t\t<div class=\"elementor-element elementor-element-5060177b elementor-widget elementor-widget-spacer\" data-id=\"5060177b\" data-element_type=\"widget\" data-widget_type=\"spacer.default\">\n\t\t\t\t<div class=\"elementor-widget-container\">\n\t\t\t<style>\/*! elementor - v3.22.0 - 17-06-2024 *\/\n.elementor-column .elementor-spacer-inner{height:var(--spacer-size)}.e-con{--container-widget-width:100%}.e-con-inner>.elementor-widget-spacer,.e-con>.elementor-widget-spacer{width:var(--container-widget-width,var(--spacer-size));--align-self:var(--container-widget-align-self,initial);--flex-shrink:0}.e-con-inner>.elementor-widget-spacer>.elementor-widget-container,.e-con>.elementor-widget-spacer>.elementor-widget-container{height:100%;width:100%}.e-con-inner>.elementor-widget-spacer>.elementor-widget-container>.elementor-spacer,.e-con>.elementor-widget-spacer>.elementor-widget-container>.elementor-spacer{height:100%}.e-con-inner>.elementor-widget-spacer>.elementor-widget-container>.elementor-spacer>.elementor-spacer-inner,.e-con>.elementor-widget-spacer>.elementor-widget-container>.elementor-spacer>.elementor-spacer-inner{height:var(--container-widget-height,var(--spacer-size))}.e-con-inner>.elementor-widget-spacer.elementor-widget-empty,.e-con>.elementor-widget-spacer.elementor-widget-empty{position:relative;min-height:22px;min-width:22px}.e-con-inner>.elementor-widget-spacer.elementor-widget-empty .elementor-widget-empty-icon,.e-con>.elementor-widget-spacer.elementor-widget-empty .elementor-widget-empty-icon{position:absolute;top:0;bottom:0;left:0;right:0;margin:auto;padding:0;width:22px;height:22px}<\/style>\t\t<div class=\"elementor-spacer\">\n\t\t\t<div class=\"elementor-spacer-inner\"><\/div>\n\t\t<\/div>\n\t\t\t\t<\/div>\n\t\t\t\t<\/div>\n\t\t\t\t<div class=\"elementor-element elementor-element-5dd80c68 elementor-widget elementor-widget-text-editor\" data-id=\"5dd80c68\" data-element_type=\"widget\" data-widget_type=\"text-editor.default\">\n\t\t\t\t<div class=\"elementor-widget-container\">\n\t\t\t<style>\/*! elementor - v3.22.0 - 17-06-2024 *\/\n.elementor-widget-text-editor.elementor-drop-cap-view-stacked .elementor-drop-cap{background-color:#69727d;color:#fff}.elementor-widget-text-editor.elementor-drop-cap-view-framed .elementor-drop-cap{color:#69727d;border:3px solid;background-color:transparent}.elementor-widget-text-editor:not(.elementor-drop-cap-view-default) .elementor-drop-cap{margin-top:8px}.elementor-widget-text-editor:not(.elementor-drop-cap-view-default) .elementor-drop-cap-letter{width:1em;height:1em}.elementor-widget-text-editor .elementor-drop-cap{float:left;text-align:center;line-height:1;font-size:50px}.elementor-widget-text-editor .elementor-drop-cap-letter{display:inline-block}<\/style>\t\t\t\t<p><strong>Inez Atili<\/strong>, mieux connue sous son nom de sc\u00e8ne \u00ab <strong>Inez<\/strong> \u00bb, est <strong>une chanteuse maroco-n\u00e9erlandaise talentueuse<\/strong> de 25 ans. Son parcours musical a commenc\u00e9 \u00e0 l&#8217;\u00e9cole primaire. Elle n&#8217;avait que 12 ans lorsque son professeur, impressionn\u00e9 par la beaut\u00e9 de sa voix, l&#8217;a remarqu\u00e9e lors de la com\u00e9die musicale de l&#8217;\u00e9cole. C&#8217;est \u00e0 ce moment-l\u00e0 que la jeune chanteuse a pris conscience de son don. Quelques ann\u00e9es plus tard, Inez a d\u00e9cid\u00e9 de partager son talent avec le monde entier<strong>. Elle a publi\u00e9 la chanson \u00ab Menak Wla Meni \u00bb sur son compte Instagram<\/strong>. La vid\u00e9o est devenue virale et les r\u00e9actions extr\u00eamement positives lui ont donn\u00e9 la motivation de continuer.<\/p>\t\t\t\t\t\t<\/div>\n\t\t\t\t<\/div>\n\t\t\t\t<div class=\"elementor-element elementor-element-73b6a0e1 elementor-widget elementor-widget-button\" data-id=\"73b6a0e1\" data-element_type=\"widget\" data-widget_type=\"button.default\">\n\t\t\t\t<div class=\"elementor-widget-container\">\n\t\t\t\t\t<div class=\"elementor-button-wrapper\">\n\t\t\t<a class=\"elementor-button elementor-button-link elementor-size-md\" href=\"https:\/\/www.abconcerts.be\/fr\/agenda\/inez\/a10Qw0000011ov3IAA\" target=\"_blank\">\n\t\t\t\t\t\t<span class=\"elementor-button-content-wrapper\">\n\t\t\t\t\t\t\t\t\t<span class=\"elementor-button-text\">Billets INEZ<\/span>\n\t\t\t\t\t<\/span>\n\t\t\t\t\t<\/a>\n\t\t<\/div>\n\t\t\t\t<\/div>\n\t\t\t\t<\/div>\n\t\t\t\t<div class=\"elementor-element elementor-element-18c13c4b elementor-widget elementor-widget-spacer\" data-id=\"18c13c4b\" data-element_type=\"widget\" data-widget_type=\"spacer.default\">\n\t\t\t\t<div class=\"elementor-widget-container\">\n\t\t\t\t\t<div class=\"elementor-spacer\">\n\t\t\t<div class=\"elementor-spacer-inner\"><\/div>\n\t\t<\/div>\n\t\t\t\t<\/div>\n\t\t\t\t<\/div>\n\t\t\t\t<div class=\"elementor-element elementor-element-269c7643 elementor-widget elementor-widget-text-editor\" data-id=\"269c7643\" data-element_type=\"widget\" data-widget_type=\"text-editor.default\">\n\t\t\t\t<div class=\"elementor-widget-container\">\n\t\t\t\t\t\t\t<p>En 2019, Inez a plong\u00e9 dans le studio et a sorti le titre, en tant que premier single ind\u00e9pendant, sur toutes les plateformes de streaming. Comme pr\u00e9vu, la chanson a connu un succ\u00e8s imm\u00e9diat. La chanson a atteint aujourd&#8217;hui <strong>plus de 33 millions de streams<\/strong> et <strong>plus de 51 millions de vues sur YouTube<\/strong>. Son deuxi\u00e8me single, intitul\u00e9 <strong>\u00ab My Love \u00bb<\/strong>, est devenu une sensation encore plus grande. Il a atteint <strong>70 millions de streams sur Spotify<\/strong> \u00e0 lui seul. Avec d&#8217;autres singles \u00e0 succ\u00e8s comme \u00ab <strong>Ya Benti \u00bb, \u00ab Salina \u00bb, \u00ab Oumi \u00bb<\/strong> et bien d&#8217;autres, Inez a accumul\u00e9 un total de <strong>plus de 150 millions de streams sur Spotify.<\/strong><\/p><p>Apr\u00e8s une pause de deux ans, Inez a commenc\u00e9 un nouveau chapitre de sa carri\u00e8re. Elle a r\u00e9cemment sign\u00e9 avec <strong>le label n\u00e9erlandais \u00ab Avalon Music<\/strong> \u00bb, o\u00f9 est \u00e9galement sign\u00e9 <strong>la superstar marocaine<\/strong> <strong>DYSTINCT<\/strong>. Elle a sorti son tout premier single \u00ab <strong>Ana Lik<\/strong> \u00bb en d\u00e9cembre 2023 et a atteint <strong>2,6 millions de vues sur YouTube et 1,7 million de streams<\/strong>. Une autre chanson, \u00ab <strong>Houbi Ana<\/strong> \u00bb, a ensuite \u00e9t\u00e9 publi\u00e9e pour la Saint-Valentin.<\/p><p>La passion d&#8217;Inez pour la musique a commenc\u00e9 aussi loin qu&#8217;elle se souvienne. Elle a grandi dans une famille o\u00f9 chaque moment \u00e9tait v\u00e9cu avec et par la musique. Avec une famille tr\u00e8s soutenante et une base de fans loyale, Inez construit un pont entre le Maroc et le reste du monde. <em>\u00ab Faites toujours entendre votre voix, non seulement \u00e0 travers la musique, mais en g\u00e9n\u00e9ral, surtout en tant que femme \u00bb,<\/em> d\u00e9clare Inez avec assurance. <strong>Sa voix enchanteresse touche les c\u0153urs de nombreuses personnes dans le monde entier, car ses chansons m\u00e9langent parfaitement l&#8217;arabe et d&#8217;autres langues comme le n\u00e9erlandais ou le fran\u00e7ais. <\/strong><\/p><p>Inez est de retour en studio, pr\u00eate \u00e0 entra\u00eener le public dans sa nouvelle vague. \u00a0Elle a d\u00e9j\u00e0 sorti deux chansons cette ann\u00e9e, <strong>&#8216;Houbi Ana&#8217;<\/strong> et <strong>&#8216;Machi 3adi&#8217;<\/strong>. Son voyage musical se poursuit et nous pouvons nous attendre \u00e0 plus de musique de sa part au cours de l&#8217;ann\u00e9e 2024.<\/p>\t\t\t\t\t\t<\/div>\n\t\t\t\t<\/div>\n\t\t\t\t<div class=\"elementor-element elementor-element-be05295 elementor-widget elementor-widget-text-editor\" data-id=\"be05295\" data-element_type=\"widget\" data-widget_type=\"text-editor.default\">\n\t\t\t\t<div class=\"elementor-widget-container\">\n\t\t\t\t\t\t\t<p><strong>Ne manquez pas son concert \u00e0 l&#8217;AB Club \u00e0 Bruxelles le 1er d\u00e9cembre 2024 ! <\/strong><strong>Les billets sont disponibles sur www.gracialive.be.<\/strong><\/p>\t\t\t\t\t\t<\/div>\n\t\t\t\t<\/div>\n\t\t\t\t\t<\/div>\n\t\t<\/div>\n\t\t\t\t<div class=\"has_eae_slider elementor-column elementor-col-33 elementor-top-column elementor-element elementor-element-e827303\" data-id=\"e827303\" data-element_type=\"column\">\n\t\t\t<div class=\"elementor-widget-wrap elementor-element-populated\">\n\t\t\t\t\t\t<div class=\"elementor-element elementor-element-78bd014d border_heading_vacatures elementor-widget elementor-widget-heading\" data-id=\"78bd014d\" data-element_type=\"widget\" data-widget_type=\"heading.default\">\n\t\t\t\t<div class=\"elementor-widget-container\">\n\t\t\t<h1 class=\"elementor-heading-title elementor-size-default\">Laatst aangekondigd<\/h1>\t\t<\/div>\n\t\t\t\t<\/div>\n\t\t\t\t<div class=\"elementor-element elementor-element-4a1bd360 elementor-grid-1 elementor-grid-tablet-2 elementor-grid-mobile-1 elementor-widget elementor-widget-loop-grid\" data-id=\"4a1bd360\" data-element_type=\"widget\" data-settings=\"{&quot;template_id&quot;:25355,&quot;columns&quot;:1,&quot;row_gap&quot;:{&quot;unit&quot;:&quot;rem&quot;,&quot;size&quot;:0.5,&quot;sizes&quot;:[]},&quot;row_gap_tablet&quot;:{&quot;unit&quot;:&quot;rem&quot;,&quot;size&quot;:&quot;&quot;,&quot;sizes&quot;:[]},&quot;row_gap_mobile&quot;:{&quot;unit&quot;:&quot;rem&quot;,&quot;size&quot;:&quot;&quot;,&quot;sizes&quot;:[]},&quot;_skin&quot;:&quot;post&quot;,&quot;columns_tablet&quot;:&quot;2&quot;,&quot;columns_mobile&quot;:&quot;1&quot;,&quot;edit_handle_selector&quot;:&quot;[data-elementor-type=\\&quot;loop-item\\&quot;]&quot;}\" data-widget_type=\"loop-grid.post\">\n\t\t\t\t<div class=\"elementor-widget-container\">\n\t\t\t<link rel=\"stylesheet\" href=\"https:\/\/gracialive.be\/wp-content\/plugins\/elementor-pro\/assets\/css\/widget-loop-builder.min.css\">\t\t<div class=\"elementor-loop-container elementor-grid\">\n\t\t<style id=\"loop-25355\">.elementor-25355 .elementor-element.elementor-element-751678a:not(.elementor-motion-effects-element-type-background) > .elementor-widget-wrap, .elementor-25355 .elementor-element.elementor-element-751678a > .elementor-widget-wrap > .elementor-motion-effects-container > .elementor-motion-effects-layer{background-color:#E2F3FF78;}.elementor-25355 .elementor-element.elementor-element-751678a > .elementor-element-populated, .elementor-25355 .elementor-element.elementor-element-751678a > .elementor-element-populated > .elementor-background-overlay, .elementor-25355 .elementor-element.elementor-element-751678a > .elementor-background-slideshow{border-radius:8px 8px 8px 8px;}.elementor-25355 .elementor-element.elementor-element-751678a > .elementor-element-populated{transition:background 0.3s, border 0.3s, border-radius 0.3s, box-shadow 0.3s;}.elementor-25355 .elementor-element.elementor-element-751678a > .elementor-element-populated > .elementor-background-overlay{transition:background 0.3s, border-radius 0.3s, opacity 0.3s;}.elementor-25355 .elementor-element.elementor-element-71a4685{text-align:right;}.elementor-25355 .elementor-element.elementor-element-71a4685 .elementor-heading-title{color:var( --e-global-color-accent );}.elementor-25355 .elementor-element.elementor-element-71a4685 > .elementor-widget-container{margin:6px 0px 0px 0px;}<\/style>\t\t<div data-elementor-type=\"loop-item\" data-elementor-id=\"25355\" class=\"elementor elementor-25355 e-loop-item e-loop-item-42181 post-42181 news type-news status-publish has-post-thumbnail hentry entry\" data-elementor-post-type=\"elementor_library\" data-custom-edit-handle=\"1\">\n\t\t\t\t\t<section class=\"has_eae_slider elementor-section elementor-top-section elementor-element elementor-element-bf11e25 elementor-section-boxed elementor-section-height-default elementor-section-height-default\" data-id=\"bf11e25\" data-element_type=\"section\" data-settings=\"{&quot;jet_parallax_layout_list&quot;:[]}\">\n\t\t\t\t\t\t<div class=\"elementor-container elementor-column-gap-default\">\n\t\t\t\t\t<div class=\"has_eae_slider elementor-column elementor-col-100 elementor-top-column elementor-element elementor-element-751678a\" data-id=\"751678a\" data-element_type=\"column\" data-settings=\"{&quot;background_background&quot;:&quot;classic&quot;}\">\n\t\t\t<div class=\"elementor-widget-wrap elementor-element-populated\">\n\t\t\t\t\t\t<div class=\"elementor-element elementor-element-ca54aa8 elementor-widget elementor-widget-image\" data-id=\"ca54aa8\" data-element_type=\"widget\" data-widget_type=\"image.default\">\n\t\t\t\t<div class=\"elementor-widget-container\">\n\t\t\t<style>\/*! elementor - v3.22.0 - 17-06-2024 *\/\n.elementor-widget-image{text-align:center}.elementor-widget-image a{display:inline-block}.elementor-widget-image a img[src$=\".svg\"]{width:48px}.elementor-widget-image img{vertical-align:middle;display:inline-block}<\/style>\t\t\t\t\t\t\t\t\t\t\t<a href=\"https:\/\/gracialive.be\/fr\/news\/wu-tang-clan-2026\/\">\n\t\t\t\t\t\t\t<img decoding=\"async\" src=\"https:\/\/gracialive.be\/wp-content\/uploads\/2025\/10\/wt-1920x1080-1.jpg\" title=\"\" alt=\"\" loading=\"lazy\" \/>\t\t\t\t\t\t\t\t<\/a>\n\t\t\t\t\t\t\t\t\t\t\t\t\t<\/div>\n\t\t\t\t<\/div>\n\t\t\t\t<div class=\"elementor-element elementor-element-71a4685 elementor-widget elementor-widget-theme-post-title elementor-page-title elementor-widget-heading\" data-id=\"71a4685\" data-element_type=\"widget\" data-widget_type=\"theme-post-title.default\">\n\t\t\t\t<div class=\"elementor-widget-container\">\n\t\t\t<h4 class=\"elementor-heading-title elementor-size-default\">\u00ab Wu Tang Forever : The Final Chamber \u00bb : le 15 mars 2026 \u00e0 l\u2019ING Arena de Bruxelles<\/h4>\t\t<\/div>\n\t\t\t\t<\/div>\n\t\t\t\t\t<\/div>\n\t\t<\/div>\n\t\t\t\t\t<\/div>\n\t\t<\/section>\n\t\t\t\t<\/div>\n\t\t\t\t<div data-elementor-type=\"loop-item\" data-elementor-id=\"25355\" class=\"elementor elementor-25355 e-loop-item e-loop-item-42168 post-42168 news type-news status-publish has-post-thumbnail hentry entry\" data-elementor-post-type=\"elementor_library\" data-custom-edit-handle=\"1\">\n\t\t\t\t\t<section class=\"has_eae_slider elementor-section elementor-top-section elementor-element elementor-element-bf11e25 elementor-section-boxed elementor-section-height-default elementor-section-height-default\" data-id=\"bf11e25\" data-element_type=\"section\" data-settings=\"{&quot;jet_parallax_layout_list&quot;:[]}\">\n\t\t\t\t\t\t<div class=\"elementor-container elementor-column-gap-default\">\n\t\t\t\t\t<div class=\"has_eae_slider elementor-column elementor-col-100 elementor-top-column elementor-element elementor-element-751678a\" data-id=\"751678a\" data-element_type=\"column\" data-settings=\"{&quot;background_background&quot;:&quot;classic&quot;}\">\n\t\t\t<div class=\"elementor-widget-wrap elementor-element-populated\">\n\t\t\t\t\t\t<div class=\"elementor-element elementor-element-ca54aa8 elementor-widget elementor-widget-image\" data-id=\"ca54aa8\" data-element_type=\"widget\" data-widget_type=\"image.default\">\n\t\t\t\t<div class=\"elementor-widget-container\">\n\t\t\t\t\t\t\t\t\t\t\t\t\t\t<a href=\"https:\/\/gracialive.be\/fr\/news\/eric-clapton-2026\/\">\n\t\t\t\t\t\t\t<img decoding=\"async\" src=\"https:\/\/gracialive.be\/wp-content\/uploads\/2025\/10\/ec-web-1920x1080-1.jpg\" title=\"\" alt=\"\" loading=\"lazy\" \/>\t\t\t\t\t\t\t\t<\/a>\n\t\t\t\t\t\t\t\t\t\t\t\t\t<\/div>\n\t\t\t\t<\/div>\n\t\t\t\t<div class=\"elementor-element elementor-element-71a4685 elementor-widget elementor-widget-theme-post-title elementor-page-title elementor-widget-heading\" data-id=\"71a4685\" data-element_type=\"widget\" data-widget_type=\"theme-post-title.default\">\n\t\t\t\t<div class=\"elementor-widget-container\">\n\t\t\t<h4 class=\"elementor-heading-title elementor-size-default\">Le 26 avril 2026, le virtuose de la guitare Eric Clapton sera de retour en Belgique pour un concert exceptionnel \u00e0 l\u2019AFAS Dome \u00e0 Anvers<\/h4>\t\t<\/div>\n\t\t\t\t<\/div>\n\t\t\t\t\t<\/div>\n\t\t<\/div>\n\t\t\t\t\t<\/div>\n\t\t<\/section>\n\t\t\t\t<\/div>\n\t\t\t\t<div data-elementor-type=\"loop-item\" data-elementor-id=\"25355\" class=\"elementor elementor-25355 e-loop-item e-loop-item-42156 post-42156 news type-news status-publish has-post-thumbnail hentry entry\" data-elementor-post-type=\"elementor_library\" data-custom-edit-handle=\"1\">\n\t\t\t\t\t<section class=\"has_eae_slider elementor-section elementor-top-section elementor-element elementor-element-bf11e25 elementor-section-boxed elementor-section-height-default elementor-section-height-default\" data-id=\"bf11e25\" data-element_type=\"section\" data-settings=\"{&quot;jet_parallax_layout_list&quot;:[]}\">\n\t\t\t\t\t\t<div class=\"elementor-container elementor-column-gap-default\">\n\t\t\t\t\t<div class=\"has_eae_slider elementor-column elementor-col-100 elementor-top-column elementor-element elementor-element-751678a\" data-id=\"751678a\" data-element_type=\"column\" data-settings=\"{&quot;background_background&quot;:&quot;classic&quot;}\">\n\t\t\t<div class=\"elementor-widget-wrap elementor-element-populated\">\n\t\t\t\t\t\t<div class=\"elementor-element elementor-element-ca54aa8 elementor-widget elementor-widget-image\" data-id=\"ca54aa8\" data-element_type=\"widget\" data-widget_type=\"image.default\">\n\t\t\t\t<div class=\"elementor-widget-container\">\n\t\t\t\t\t\t\t\t\t\t\t\t\t\t<a href=\"https:\/\/gracialive.be\/fr\/news\/helmut-lotti-2025\/\">\n\t\t\t\t\t\t\t<img decoding=\"async\" src=\"https:\/\/gracialive.be\/wp-content\/uploads\/2025\/05\/hc-1920x1080-1.jpg\" title=\"\" alt=\"\" loading=\"lazy\" \/>\t\t\t\t\t\t\t\t<\/a>\n\t\t\t\t\t\t\t\t\t\t\t\t\t<\/div>\n\t\t\t\t<\/div>\n\t\t\t\t<div class=\"elementor-element elementor-element-71a4685 elementor-widget elementor-widget-theme-post-title elementor-page-title elementor-widget-heading\" data-id=\"71a4685\" data-element_type=\"widget\" data-widget_type=\"theme-post-title.default\">\n\t\t\t\t<div class=\"elementor-widget-container\">\n\t\t\t<h4 class=\"elementor-heading-title elementor-size-default\">Helmut Lotti f\u00eate le 30\u1d49 anniversaire de &#8216;Helmut Lotti Goes Classic&#8217; avec une tourn\u00e9e festive \u00e0 travers la Belgique<\/h4>\t\t<\/div>\n\t\t\t\t<\/div>\n\t\t\t\t\t<\/div>\n\t\t<\/div>\n\t\t\t\t\t<\/div>\n\t\t<\/section>\n\t\t\t\t<\/div>\n\t\t\t\t<\/div>\n\t\t\n\t\t\t\t<\/div>\n\t\t\t\t<\/div>\n\t\t\t\t\t<\/div>\n\t\t<\/div>\n\t\t\t\t\t<\/div>\n\t\t<\/section>\n\t\t\t\t<section class=\"has_eae_slider elementor-section elementor-top-section elementor-element elementor-element-765bf51a elementor-section-boxed elementor-section-height-default elementor-section-height-default\" data-id=\"765bf51a\" data-element_type=\"section\" data-settings=\"{&quot;jet_parallax_layout_list&quot;:[]}\">\n\t\t\t\t\t\t<div class=\"elementor-container elementor-column-gap-default\">\n\t\t\t\t\t<div class=\"has_eae_slider elementor-column elementor-col-100 elementor-top-column elementor-element elementor-element-327d427b\" data-id=\"327d427b\" data-element_type=\"column\">\n\t\t\t<div class=\"elementor-widget-wrap elementor-element-populated\">\n\t\t\t\t\t\t<div class=\"elementor-element elementor-element-7c4aed40 elementor-widget elementor-widget-spacer\" data-id=\"7c4aed40\" data-element_type=\"widget\" data-widget_type=\"spacer.default\">\n\t\t\t\t<div class=\"elementor-widget-container\">\n\t\t\t\t\t<div class=\"elementor-spacer\">\n\t\t\t<div class=\"elementor-spacer-inner\"><\/div>\n\t\t<\/div>\n\t\t\t\t<\/div>\n\t\t\t\t<\/div>\n\t\t\t\t\t<\/div>\n\t\t<\/div>\n\t\t\t\t\t<\/div>\n\t\t<\/section>\n\t\t\t\t<\/div>\n\t\t","protected":false},"featured_media":30872,"template":"elementor_header_footer","yoast_head":"<!-- This site is optimized with the Yoast SEO Premium plugin v21.5 (Yoast SEO v21.5) - https:\/\/yoast.com\/wordpress\/plugins\/seo\/ -->\n<title>INEZ annonce sa toute premi\u00e8re tourn\u00e9e et sera \u00e0 l&#039;AB Club \u00e0 Bruxelles le 1er d\u00e9cembre 2024 - Gracia Live<\/title>\n<meta name=\"robots\" content=\"index, follow, max-snippet:-1, max-image-preview:large, max-video-preview:-1\" \/>\n<link rel=\"canonical\" href=\"https:\/\/gracialive.be\/fr\/news\/inez-2024\/\" \/>\n<meta property=\"og:locale\" content=\"fr_FR\" \/>\n<meta property=\"og:type\" content=\"article\" \/>\n<meta property=\"og:title\" content=\"INEZ annonce sa toute premi\u00e8re tourn\u00e9e et sera \u00e0 l&#039;AB Club \u00e0 Bruxelles le 1er d\u00e9cembre 2024\" \/>\n<meta property=\"og:description\" content=\"concertnews INEZ &#8211; 01.12.2024 LA CHANTEUSE MAROCAINE-N\u00c9ERLANDAISE INEZ PARTICIPE POUR LA PREMI\u00c8RE FOIS EN TOURNEE et sera \u00e0 l&#8217;AB CLUB DE BRUXELLES le 1er D\u00c9CEMBRE Inez Atili, mieux connue sous son nom de sc\u00e8ne \u00ab Inez \u00bb, est une chanteuse maroco-n\u00e9erlandaise talentueuse de 25 ans. Son parcours musical a commenc\u00e9 \u00e0 l&#8217;\u00e9cole primaire. Elle n&#8217;avait &hellip; Continuer la lecture \u00ab\u00a0Helmut Lotti f\u00eate le 30\u1d49 anniversaire de &#8216;Helmut Lotti Goes Classic&#8217; avec une tourn\u00e9e festive \u00e0 travers la Belgique\u00a0\u00bb\" \/>\n<meta property=\"og:url\" content=\"https:\/\/gracialive.be\/fr\/news\/inez-2024\/\" \/>\n<meta property=\"og:site_name\" content=\"Gracia Live\" \/>\n<meta property=\"article:publisher\" content=\"https:\/\/www.facebook.com\/gracialivebelgium\" \/>\n<meta property=\"article:modified_time\" content=\"2024-06-10T14:22:57+00:00\" \/>\n<meta property=\"og:image\" content=\"https:\/\/gracialive.be\/wp-content\/uploads\/2024\/06\/inez-1200x300-1.jpg\" \/>\n\t<meta property=\"og:image:width\" content=\"1200\" \/>\n\t<meta property=\"og:image:height\" content=\"300\" \/>\n\t<meta property=\"og:image:type\" content=\"image\/jpeg\" \/>\n<meta name=\"twitter:card\" content=\"summary_large_image\" \/>\n<meta name=\"twitter:site\" content=\"@GRACIALIVEBEL\" \/>\n<meta name=\"twitter:label1\" content=\"Dur\u00e9e de lecture estim\u00e9e\" \/>\n\t<meta name=\"twitter:data1\" content=\"5 minutes\" \/>\n<script type=\"application\/ld+json\" class=\"yoast-schema-graph\">{\"@context\":\"https:\/\/schema.org\",\"@graph\":[{\"@type\":\"WebPage\",\"@id\":\"https:\/\/gracialive.be\/fr\/news\/inez-2024\/\",\"url\":\"https:\/\/gracialive.be\/fr\/news\/inez-2024\/\",\"name\":\"INEZ annonce sa toute premi\u00e8re tourn\u00e9e et sera \u00e0 l'AB Club \u00e0 Bruxelles le 1er d\u00e9cembre 2024 - Gracia Live\",\"isPartOf\":{\"@id\":\"https:\/\/gracialive.be\/#website\"},\"datePublished\":\"2024-06-10T14:18:05+00:00\",\"dateModified\":\"2024-06-10T14:22:57+00:00\",\"breadcrumb\":{\"@id\":\"https:\/\/gracialive.be\/fr\/news\/inez-2024\/#breadcrumb\"},\"inLanguage\":\"fr-FR\",\"potentialAction\":[{\"@type\":\"ReadAction\",\"target\":[\"https:\/\/gracialive.be\/fr\/news\/inez-2024\/\"]}]},{\"@type\":\"BreadcrumbList\",\"@id\":\"https:\/\/gracialive.be\/fr\/news\/inez-2024\/#breadcrumb\",\"itemListElement\":[{\"@type\":\"ListItem\",\"position\":1,\"name\":\"Home\",\"item\":\"https:\/\/gracialive.be\/fr\/\"},{\"@type\":\"ListItem\",\"position\":2,\"name\":\"INEZ annonce sa toute premi\u00e8re tourn\u00e9e et sera \u00e0 l&#8217;AB Club \u00e0 Bruxelles le 1er d\u00e9cembre 2024\"}]},{\"@type\":\"WebSite\",\"@id\":\"https:\/\/gracialive.be\/#website\",\"url\":\"https:\/\/gracialive.be\/\",\"name\":\"Gracia Live\",\"description\":\"Concert en Event Promotor Belgium\",\"publisher\":{\"@id\":\"https:\/\/gracialive.be\/#organization\"},\"potentialAction\":[{\"@type\":\"SearchAction\",\"target\":{\"@type\":\"EntryPoint\",\"urlTemplate\":\"https:\/\/gracialive.be\/?s={search_term_string}\"},\"query-input\":\"required name=search_term_string\"}],\"inLanguage\":\"fr-FR\"},{\"@type\":\"Organization\",\"@id\":\"https:\/\/gracialive.be\/#organization\",\"name\":\"Gracia Live\",\"url\":\"https:\/\/gracialive.be\/\",\"logo\":{\"@type\":\"ImageObject\",\"inLanguage\":\"fr-FR\",\"@id\":\"https:\/\/gracialive.be\/#\/schema\/logo\/image\/\",\"url\":\"https:\/\/gracialive.be\/wp-content\/uploads\/2022\/01\/cropped-GL-500x300_zwart.png\",\"contentUrl\":\"https:\/\/gracialive.be\/wp-content\/uploads\/2022\/01\/cropped-GL-500x300_zwart.png\",\"width\":512,\"height\":512,\"caption\":\"Gracia Live\"},\"image\":{\"@id\":\"https:\/\/gracialive.be\/#\/schema\/logo\/image\/\"},\"sameAs\":[\"https:\/\/www.facebook.com\/gracialivebelgium\",\"https:\/\/twitter.com\/GRACIALIVEBEL\",\"https:\/\/www.instagram.com\/gracialive_belgium\/\"]}]}<\/script>\n<!-- \/ Yoast SEO Premium plugin. -->","yoast_head_json":{"title":"INEZ annonce sa toute premi\u00e8re tourn\u00e9e et sera \u00e0 l'AB Club \u00e0 Bruxelles le 1er d\u00e9cembre 2024 - Gracia Live","robots":{"index":"index","follow":"follow","max-snippet":"max-snippet:-1","max-image-preview":"max-image-preview:large","max-video-preview":"max-video-preview:-1"},"canonical":"https:\/\/gracialive.be\/fr\/news\/inez-2024\/","og_locale":"fr_FR","og_type":"article","og_title":"INEZ annonce sa toute premi\u00e8re tourn\u00e9e et sera \u00e0 l'AB Club \u00e0 Bruxelles le 1er d\u00e9cembre 2024","og_description":"concertnews INEZ &#8211; 01.12.2024 LA CHANTEUSE MAROCAINE-N\u00c9ERLANDAISE INEZ PARTICIPE POUR LA PREMI\u00c8RE FOIS EN TOURNEE et sera \u00e0 l&#8217;AB CLUB DE BRUXELLES le 1er D\u00c9CEMBRE Inez Atili, mieux connue sous son nom de sc\u00e8ne \u00ab Inez \u00bb, est une chanteuse maroco-n\u00e9erlandaise talentueuse de 25 ans. Son parcours musical a commenc\u00e9 \u00e0 l&#8217;\u00e9cole primaire. Elle n&#8217;avait &hellip; Continuer la lecture \u00ab\u00a0Helmut Lotti f\u00eate le 30\u1d49 anniversaire de &#8216;Helmut Lotti Goes Classic&#8217; avec une tourn\u00e9e festive \u00e0 travers la Belgique\u00a0\u00bb","og_url":"https:\/\/gracialive.be\/fr\/news\/inez-2024\/","og_site_name":"Gracia Live","article_publisher":"https:\/\/www.facebook.com\/gracialivebelgium","article_modified_time":"2024-06-10T14:22:57+00:00","og_image":[{"width":1200,"height":300,"url":"https:\/\/gracialive.be\/wp-content\/uploads\/2024\/06\/inez-1200x300-1.jpg","type":"image\/jpeg"}],"twitter_card":"summary_large_image","twitter_site":"@GRACIALIVEBEL","twitter_misc":{"Dur\u00e9e de lecture estim\u00e9e":"5 minutes"},"schema":{"@context":"https:\/\/schema.org","@graph":[{"@type":"WebPage","@id":"https:\/\/gracialive.be\/fr\/news\/inez-2024\/","url":"https:\/\/gracialive.be\/fr\/news\/inez-2024\/","name":"INEZ annonce sa toute premi\u00e8re tourn\u00e9e et sera \u00e0 l'AB Club \u00e0 Bruxelles le 1er d\u00e9cembre 2024 - Gracia Live","isPartOf":{"@id":"https:\/\/gracialive.be\/#website"},"datePublished":"2024-06-10T14:18:05+00:00","dateModified":"2024-06-10T14:22:57+00:00","breadcrumb":{"@id":"https:\/\/gracialive.be\/fr\/news\/inez-2024\/#breadcrumb"},"inLanguage":"fr-FR","potentialAction":[{"@type":"ReadAction","target":["https:\/\/gracialive.be\/fr\/news\/inez-2024\/"]}]},{"@type":"BreadcrumbList","@id":"https:\/\/gracialive.be\/fr\/news\/inez-2024\/#breadcrumb","itemListElement":[{"@type":"ListItem","position":1,"name":"Home","item":"https:\/\/gracialive.be\/fr\/"},{"@type":"ListItem","position":2,"name":"INEZ annonce sa toute premi\u00e8re tourn\u00e9e et sera \u00e0 l&#8217;AB Club \u00e0 Bruxelles le 1er d\u00e9cembre 2024"}]},{"@type":"WebSite","@id":"https:\/\/gracialive.be\/#website","url":"https:\/\/gracialive.be\/","name":"Gracia Live","description":"Concert en Event Promotor Belgium","publisher":{"@id":"https:\/\/gracialive.be\/#organization"},"potentialAction":[{"@type":"SearchAction","target":{"@type":"EntryPoint","urlTemplate":"https:\/\/gracialive.be\/?s={search_term_string}"},"query-input":"required name=search_term_string"}],"inLanguage":"fr-FR"},{"@type":"Organization","@id":"https:\/\/gracialive.be\/#organization","name":"Gracia Live","url":"https:\/\/gracialive.be\/","logo":{"@type":"ImageObject","inLanguage":"fr-FR","@id":"https:\/\/gracialive.be\/#\/schema\/logo\/image\/","url":"https:\/\/gracialive.be\/wp-content\/uploads\/2022\/01\/cropped-GL-500x300_zwart.png","contentUrl":"https:\/\/gracialive.be\/wp-content\/uploads\/2022\/01\/cropped-GL-500x300_zwart.png","width":512,"height":512,"caption":"Gracia Live"},"image":{"@id":"https:\/\/gracialive.be\/#\/schema\/logo\/image\/"},"sameAs":["https:\/\/www.facebook.com\/gracialivebelgium","https:\/\/twitter.com\/GRACIALIVEBEL","https:\/\/www.instagram.com\/gracialive_belgium\/"]}]}},"acf":{"news-image":"https:\/\/gracialive.be\/wp-content\/uploads\/2024\/05\/inez-1920x1080-1.jpg","news-text":"Inez Atili, mieux connue sous son nom de sc\u00e8ne \u00ab Inez \u00bb, est une chanteuse maroco-n\u00e9erlandaise talentueuse de 25 ans. Son parcours musical a commenc\u00e9 \u00e0 l'\u00e9cole primaire. Elle n'avait que 12 ans lorsque son professeur, impressionn\u00e9 par la beaut\u00e9 de sa voix, l'a remarqu\u00e9e lors de la com\u00e9die musicale de l'\u00e9cole. C'est \u00e0 ce moment-l\u00e0 que la jeune chanteuse a pris conscience de son don. Quelques ann\u00e9es plus tard, Inez a d\u00e9cid\u00e9 de partager son talent avec le monde entier. Elle est maintenant pr\u00eate \u00e0 partir en tourn\u00e9e pour la premi\u00e8re fois : ne manquez pas son concert en Belgique le 1er d\u00e9cembre \u00e0 l'AB Club \u00e0 Bruxelles !","news-titel":""},"_links":{"self":[{"href":"https:\/\/gracialive.be\/fr\/wp-json\/wp\/v2\/news\/30874"}],"collection":[{"href":"https:\/\/gracialive.be\/fr\/wp-json\/wp\/v2\/news"}],"about":[{"href":"https:\/\/gracialive.be\/fr\/wp-json\/wp\/v2\/types\/news"}],"version-history":[{"count":4,"href":"https:\/\/gracialive.be\/fr\/wp-json\/wp\/v2\/news\/30874\/revisions"}],"predecessor-version":[{"id":30878,"href":"https:\/\/gracialive.be\/fr\/wp-json\/wp\/v2\/news\/30874\/revisions\/30878"}],"wp:featuredmedia":[{"embeddable":true,"href":"https:\/\/gracialive.be\/fr\/wp-json\/wp\/v2\/media\/30872"}],"wp:attachment":[{"href":"https:\/\/gracialive.be\/fr\/wp-json\/wp\/v2\/media?parent=30874"}],"curies":[{"name":"wp","href":"https:\/\/api.w.org\/{rel}","templated":true}]}}