{"id":27003,"date":"2023-12-01T13:53:19","date_gmt":"2023-12-01T12:53:19","guid":{"rendered":"https:\/\/gracialive.be\/news\/alvaro-soler-2024\/"},"modified":"2023-12-01T14:11:12","modified_gmt":"2023-12-01T13:11:12","slug":"alvaro-soler-2024","status":"publish","type":"news","link":"https:\/\/gracialive.be\/fr\/news\/alvaro-soler-2024\/","title":{"rendered":"Alvaro Soler sera de passage en Belgique deux fois pour son &#8216;M\u00e1s que verano Tour 2024&#8217; !"},"content":{"rendered":"\t\t<div data-elementor-type=\"wp-post\" data-elementor-id=\"27003\" class=\"elementor elementor-27003 elementor-26976\" data-elementor-post-type=\"news\">\n\t\t\t\t\t\t<section class=\"has_eae_slider elementor-section elementor-top-section elementor-element elementor-element-6dd1e8ec elementor-section-boxed elementor-section-height-default elementor-section-height-default\" data-id=\"6dd1e8ec\" data-element_type=\"section\" data-settings=\"{&quot;jet_parallax_layout_list&quot;:[]}\">\n\t\t\t\t\t\t<div class=\"elementor-container elementor-column-gap-default\">\n\t\t\t\t\t<div class=\"has_eae_slider elementor-column elementor-col-100 elementor-top-column elementor-element elementor-element-352c4f39\" data-id=\"352c4f39\" data-element_type=\"column\">\n\t\t\t<div class=\"elementor-widget-wrap elementor-element-populated\">\n\t\t\t\t\t\t<div class=\"elementor-element elementor-element-5a691acd elementor-cta--skin-cover elementor-animated-content elementor-bg-transform elementor-bg-transform-zoom-in elementor-widget elementor-widget-call-to-action\" data-id=\"5a691acd\" data-element_type=\"widget\" data-widget_type=\"call-to-action.default\">\n\t\t\t\t<div class=\"elementor-widget-container\">\n\t\t\t<link rel=\"stylesheet\" href=\"https:\/\/gracialive.be\/wp-content\/plugins\/elementor-pro\/assets\/css\/widget-call-to-action.min.css\">\t\t<div class=\"elementor-cta\">\n\t\t\t\t\t<div class=\"elementor-cta__bg-wrapper\">\n\t\t\t\t<div class=\"elementor-cta__bg elementor-bg\" style=\"background-image: url(https:\/\/gracialive.be\/wp-content\/uploads\/2023\/12\/AS-website-1200x300-1-1024x256.jpg);\" role=\"img\" aria-label=\"AS-website-1200x300\"><\/div>\n\t\t\t\t<div class=\"elementor-cta__bg-overlay\"><\/div>\n\t\t\t<\/div>\n\t\t\t\t\t\t\t<div class=\"elementor-cta__content\">\n\t\t\t\t\n\t\t\t\t\t\t\t\t\t<h2 class=\"elementor-cta__title elementor-cta__content-item elementor-content-item elementor-animated-item--grow\">\n\t\t\t\t\t\t \t\t\t\t\t<\/h2>\n\t\t\t\t\n\t\t\t\t\n\t\t\t\t\t\t\t<\/div>\n\t\t\t\t\t\t\t<div class=\"elementor-ribbon\">\n\t\t\t\t<div class=\"elementor-ribbon-inner\">concertnews<\/div>\n\t\t\t<\/div>\n\t\t\t\t<\/div>\n\t\t\t\t<\/div>\n\t\t\t\t<\/div>\n\t\t\t\t\t<\/div>\n\t\t<\/div>\n\t\t\t\t\t<\/div>\n\t\t<\/section>\n\t\t\t\t<section class=\"has_eae_slider elementor-section elementor-top-section elementor-element elementor-element-e4dda57 elementor-section-boxed elementor-section-height-default elementor-section-height-default\" data-id=\"e4dda57\" data-element_type=\"section\" data-settings=\"{&quot;jet_parallax_layout_list&quot;:[]}\">\n\t\t\t\t\t\t<div class=\"elementor-container elementor-column-gap-default\">\n\t\t\t\t\t<div class=\"has_eae_slider elementor-column elementor-col-66 elementor-top-column elementor-element elementor-element-3248d41b\" data-id=\"3248d41b\" data-element_type=\"column\">\n\t\t\t<div class=\"elementor-widget-wrap elementor-element-populated\">\n\t\t\t\t\t\t<div class=\"elementor-element elementor-element-29587a16 elementor-widget elementor-widget-heading\" data-id=\"29587a16\" data-element_type=\"widget\" data-widget_type=\"heading.default\">\n\t\t\t\t<div class=\"elementor-widget-container\">\n\t\t\t<style>\/*! elementor - v3.22.0 - 17-06-2024 *\/\n.elementor-heading-title{padding:0;margin:0;line-height:1}.elementor-widget-heading .elementor-heading-title[class*=elementor-size-]>a{color:inherit;font-size:inherit;line-height:inherit}.elementor-widget-heading .elementor-heading-title.elementor-size-small{font-size:15px}.elementor-widget-heading .elementor-heading-title.elementor-size-medium{font-size:19px}.elementor-widget-heading .elementor-heading-title.elementor-size-large{font-size:29px}.elementor-widget-heading .elementor-heading-title.elementor-size-xl{font-size:39px}.elementor-widget-heading .elementor-heading-title.elementor-size-xxl{font-size:59px}<\/style><h1 class=\"elementor-heading-title elementor-size-default\">Alvaro Soler \/\/ M\u00e1s que verano Tour<\/h1>\t\t<\/div>\n\t\t\t\t<\/div>\n\t\t\t\t<div class=\"elementor-element elementor-element-25730225 elementor-widget elementor-widget-heading\" data-id=\"25730225\" data-element_type=\"widget\" data-widget_type=\"heading.default\">\n\t\t\t\t<div class=\"elementor-widget-container\">\n\t\t\t<h2 class=\"elementor-heading-title elementor-size-default\">Le 21 mai 2024 au Cirque Royal de Bruxelles<br>le 23 mai 2024 \u00e0 De Roma \u00e0 Anvers<\/h2>\t\t<\/div>\n\t\t\t\t<\/div>\n\t\t\t\t<div class=\"elementor-element elementor-element-3074cc17 elementor-widget elementor-widget-spacer\" data-id=\"3074cc17\" data-element_type=\"widget\" data-widget_type=\"spacer.default\">\n\t\t\t\t<div class=\"elementor-widget-container\">\n\t\t\t<style>\/*! elementor - v3.22.0 - 17-06-2024 *\/\n.elementor-column .elementor-spacer-inner{height:var(--spacer-size)}.e-con{--container-widget-width:100%}.e-con-inner>.elementor-widget-spacer,.e-con>.elementor-widget-spacer{width:var(--container-widget-width,var(--spacer-size));--align-self:var(--container-widget-align-self,initial);--flex-shrink:0}.e-con-inner>.elementor-widget-spacer>.elementor-widget-container,.e-con>.elementor-widget-spacer>.elementor-widget-container{height:100%;width:100%}.e-con-inner>.elementor-widget-spacer>.elementor-widget-container>.elementor-spacer,.e-con>.elementor-widget-spacer>.elementor-widget-container>.elementor-spacer{height:100%}.e-con-inner>.elementor-widget-spacer>.elementor-widget-container>.elementor-spacer>.elementor-spacer-inner,.e-con>.elementor-widget-spacer>.elementor-widget-container>.elementor-spacer>.elementor-spacer-inner{height:var(--container-widget-height,var(--spacer-size))}.e-con-inner>.elementor-widget-spacer.elementor-widget-empty,.e-con>.elementor-widget-spacer.elementor-widget-empty{position:relative;min-height:22px;min-width:22px}.e-con-inner>.elementor-widget-spacer.elementor-widget-empty .elementor-widget-empty-icon,.e-con>.elementor-widget-spacer.elementor-widget-empty .elementor-widget-empty-icon{position:absolute;top:0;bottom:0;left:0;right:0;margin:auto;padding:0;width:22px;height:22px}<\/style>\t\t<div class=\"elementor-spacer\">\n\t\t\t<div class=\"elementor-spacer-inner\"><\/div>\n\t\t<\/div>\n\t\t\t\t<\/div>\n\t\t\t\t<\/div>\n\t\t\t\t<div class=\"elementor-element elementor-element-46d050d5 elementor-widget elementor-widget-text-editor\" data-id=\"46d050d5\" data-element_type=\"widget\" data-widget_type=\"text-editor.default\">\n\t\t\t\t<div class=\"elementor-widget-container\">\n\t\t\t<style>\/*! elementor - v3.22.0 - 17-06-2024 *\/\n.elementor-widget-text-editor.elementor-drop-cap-view-stacked .elementor-drop-cap{background-color:#69727d;color:#fff}.elementor-widget-text-editor.elementor-drop-cap-view-framed .elementor-drop-cap{color:#69727d;border:3px solid;background-color:transparent}.elementor-widget-text-editor:not(.elementor-drop-cap-view-default) .elementor-drop-cap{margin-top:8px}.elementor-widget-text-editor:not(.elementor-drop-cap-view-default) .elementor-drop-cap-letter{width:1em;height:1em}.elementor-widget-text-editor .elementor-drop-cap{float:left;text-align:center;line-height:1;font-size:50px}.elementor-widget-text-editor .elementor-drop-cap-letter{display:inline-block}<\/style>\t\t\t\t<p>Pendant que l&#8217;hiver arrive \u00e0 grands pas, nos pens\u00e9es se tournent d\u00e9j\u00e0 vers mai 2024 ! Les vibrations latines estivales ne sont jamais loin lorsque cette machine \u00e0 tubes espagnole se produit dans notre pays !<\/p>\t\t\t\t\t\t<\/div>\n\t\t\t\t<\/div>\n\t\t\t\t<div class=\"elementor-element elementor-element-1e1dbaa0 elementor-widget elementor-widget-button\" data-id=\"1e1dbaa0\" data-element_type=\"widget\" data-widget_type=\"button.default\">\n\t\t\t\t<div class=\"elementor-widget-container\">\n\t\t\t\t\t<div class=\"elementor-button-wrapper\">\n\t\t\t<a class=\"elementor-button elementor-button-link elementor-size-md\" href=\"https:\/\/gracialive.be\/fr\/agenda\/alvaro-soler-2024\/\" target=\"_blank\">\n\t\t\t\t\t\t<span class=\"elementor-button-content-wrapper\">\n\t\t\t\t\t\t\t\t\t<span class=\"elementor-button-text\">Tickets Alvaro Soler<\/span>\n\t\t\t\t\t<\/span>\n\t\t\t\t\t<\/a>\n\t\t<\/div>\n\t\t\t\t<\/div>\n\t\t\t\t<\/div>\n\t\t\t\t<div class=\"elementor-element elementor-element-78bc1830 elementor-widget elementor-widget-spacer\" data-id=\"78bc1830\" data-element_type=\"widget\" data-widget_type=\"spacer.default\">\n\t\t\t\t<div class=\"elementor-widget-container\">\n\t\t\t\t\t<div class=\"elementor-spacer\">\n\t\t\t<div class=\"elementor-spacer-inner\"><\/div>\n\t\t<\/div>\n\t\t\t\t<\/div>\n\t\t\t\t<\/div>\n\t\t\t\t<div class=\"elementor-element elementor-element-51eabe5c elementor-widget elementor-widget-text-editor\" data-id=\"51eabe5c\" data-element_type=\"widget\" data-widget_type=\"text-editor.default\">\n\t\t\t\t<div class=\"elementor-widget-container\">\n\t\t\t\t\t\t\t<p><strong>En 2022<\/strong>, Alvaro Soler a encore s\u00e9duit son public Belge dans un <strong>Forest National<\/strong> bien rempli ! Pour sa <strong>prochaine tourn\u00e9e<\/strong>, il donne rendez-vous \u00e0 ses fans belges dans <strong>l&#8217;intimit\u00e9<\/strong> <strong>du Cirque Royal<\/strong> \u00e0 Bruxelles et de <strong>De Roma<\/strong> \u00e0 Anvers !<\/p><p>Alvaro Soler est devenu le synonyme d&#8217;un succ\u00e8s de tubes estival apr\u00e8s l&#8217;autre ! Pr\u00e9parez-vous \u00e0 passer <strong>une soir\u00e9e<\/strong> avec <strong>tous ses plus grands succ\u00e8s<\/strong>, de <strong>El Mismo Sol <\/strong>\u00e0<strong> La Libertad <\/strong>en passant par<strong> Sofia, La Cintura <\/strong>et<strong> Loca <\/strong>! L&#8217;\u00e9t\u00e9 dernier, il a sorti <strong>Muero<\/strong>, un m\u00e9lange de reggaeton et d&#8217;\u00e9l\u00e9ments dance avec des m\u00e9lodies et des rythmes entra\u00eenants.<\/p><p>Avec <strong>plus de cinq milliards <\/strong>de<strong> streams audio et vid\u00e9o<\/strong> combin\u00e9s, plus de <strong>150 r\u00e9compenses de disques d&#8217;or et de platine<\/strong> et <strong>plus de six millions d&#8217;auditeurs mensuels sur Spotify<\/strong>, Alvaro Soler est l&#8217;un des artistes de pop latine les plus populaires en Europe. Sa signature sonore &#8211; entre \u00e9motion passion et pop instantan\u00e9e, avec des influences de genres latins &#8211; inspire le public du monde entier, de Buenos Aires \u00e0 Berlin, en passant par Stockholm et S\u00e3o Paulo. Non seulement il \u00e9crit et chante toutes les chansons lui-m\u00eame, mais il joue \u00e9galement de plusieurs instruments et coproduit chaque morceau. Alvaro pr\u00e9sente aujourd&#8217;hui une nouvelle version de son interpr\u00e9tation moderne et tr\u00e8s personnelle de la pop latine.<\/p><p>Alvaro Soler a collabor\u00e9 avec des stars internationales telles que <strong>Jennifer Lopez, Flo Rida, Juanes, Birdy, David Bisbal, Topic <\/strong>et<strong> Nico Santos. <\/strong>Apr\u00e8s des tourn\u00e9es \u00e0 guichets ferm\u00e9s et des spectacles en t\u00eate d&#8217;affiche acclam\u00e9s, il s&#8217;est produit sur des sc\u00e8nes du monde entier dans des \u00e9missions t\u00e9l\u00e9vis\u00e9es telles que &#8220;The X Factor&#8221;, &#8220;Sing meinen Song &#8211; das Tauschkonzert&#8221;, &#8220;The Masked Singer&#8221; et &#8220;The Voice Kids&#8221;. Il a \u00e9galement particip\u00e9 en tant qu&#8217;acteur vocal \u00e0 la production Disney &#8220;Encanto&#8221;. En 2023, Alvaro Soler franchira une nouvelle \u00e9tape vers le succ\u00e8s et se concentrera sur l&#8217;essentiel : son amour de la musique.<\/p>\t\t\t\t\t\t<\/div>\n\t\t\t\t<\/div>\n\t\t\t\t<div class=\"elementor-element elementor-element-89fc1f5 elementor-widget elementor-widget-video\" data-id=\"89fc1f5\" data-element_type=\"widget\" data-settings=\"{&quot;youtube_url&quot;:&quot;https:\\\/\\\/youtu.be\\\/XR3UzkPwxlM?si=SfQMZFjobtTbRyfe&quot;,&quot;video_type&quot;:&quot;youtube&quot;,&quot;controls&quot;:&quot;yes&quot;}\" data-widget_type=\"video.default\">\n\t\t\t\t<div class=\"elementor-widget-container\">\n\t\t\t<style>\/*! elementor - v3.22.0 - 17-06-2024 *\/\n.elementor-widget-video .elementor-widget-container{overflow:hidden;transform:translateZ(0)}.elementor-widget-video .elementor-wrapper{aspect-ratio:var(--video-aspect-ratio)}.elementor-widget-video .elementor-wrapper iframe,.elementor-widget-video .elementor-wrapper video{height:100%;width:100%;display:flex;border:none;background-color:#000}@supports not (aspect-ratio:1\/1){.elementor-widget-video .elementor-wrapper{position:relative;overflow:hidden;height:0;padding-bottom:calc(100% \/ var(--video-aspect-ratio))}.elementor-widget-video .elementor-wrapper iframe,.elementor-widget-video .elementor-wrapper video{position:absolute;top:0;right:0;bottom:0;left:0}}.elementor-widget-video .elementor-open-inline .elementor-custom-embed-image-overlay{position:absolute;top:0;right:0;bottom:0;left:0;background-size:cover;background-position:50%}.elementor-widget-video .elementor-custom-embed-image-overlay{cursor:pointer;text-align:center}.elementor-widget-video .elementor-custom-embed-image-overlay:hover .elementor-custom-embed-play i{opacity:1}.elementor-widget-video .elementor-custom-embed-image-overlay img{display:block;width:100%;aspect-ratio:var(--video-aspect-ratio);-o-object-fit:cover;object-fit:cover;-o-object-position:center center;object-position:center center}@supports not (aspect-ratio:1\/1){.elementor-widget-video .elementor-custom-embed-image-overlay{position:relative;overflow:hidden;height:0;padding-bottom:calc(100% \/ var(--video-aspect-ratio))}.elementor-widget-video .elementor-custom-embed-image-overlay img{position:absolute;top:0;right:0;bottom:0;left:0}}.elementor-widget-video .e-hosted-video .elementor-video{-o-object-fit:cover;object-fit:cover}.e-con-inner>.elementor-widget-video,.e-con>.elementor-widget-video{width:var(--container-widget-width);--flex-grow:var(--container-widget-flex-grow)}<\/style>\t\t<div class=\"elementor-wrapper elementor-open-inline\">\n\t\t\t<div class=\"elementor-video\"><\/div>\t\t<\/div>\n\t\t\t\t<\/div>\n\t\t\t\t<\/div>\n\t\t\t\t<div class=\"elementor-element elementor-element-446dbef elementor-widget elementor-widget-spacer\" data-id=\"446dbef\" data-element_type=\"widget\" data-widget_type=\"spacer.default\">\n\t\t\t\t<div class=\"elementor-widget-container\">\n\t\t\t\t\t<div class=\"elementor-spacer\">\n\t\t\t<div class=\"elementor-spacer-inner\"><\/div>\n\t\t<\/div>\n\t\t\t\t<\/div>\n\t\t\t\t<\/div>\n\t\t\t\t<div class=\"elementor-element elementor-element-1a538df elementor-widget elementor-widget-text-editor\" data-id=\"1a538df\" data-element_type=\"widget\" data-widget_type=\"text-editor.default\">\n\t\t\t\t<div class=\"elementor-widget-container\">\n\t\t\t\t\t\t\t<p>Le premier aper\u00e7u de son nouveau style peut \u00eatre entendu dans son single &#8220;<strong>Muero<\/strong>&#8220;, qui combine une production contemporaine et \u00e9l\u00e9gante avec des \u00e9l\u00e9ments sonores \u00e9clectiques et beaucoup d&#8217;ondes positives. Il s&#8217;agit d&#8217;un morceau moderne, accrocheur et agr\u00e9able, avec une guitare funky et des rythmes dansants qui se situent quelque part entre le disco et le lat. \u00c0 quoi ressemble Alvaro Soler en 2023 &#8211; selon ses propres termes ? \u201c<em>Il a l&#8217;air audacieux, moderne, m\u00fbr, curieux&#8221;,<\/em> d\u00e9clare le chanteur et musicien. <em>\u201cIl sonne bien, tout simplement. Et peut-\u00eatre un peu myst\u00e9rieux. Ces derniers mois, j&#8217;ai compos\u00e9 de tr\u00e8s belles chansons, un peu diff\u00e9rentes de mes autres \u0153uvres. Je pense que mes fans seront agr\u00e9ablement surpris !\u201d<\/em><\/p><p><strong>Ne manquez pas l&#8217;occasion de d\u00e9couvrir Alvaro Soler de pr\u00e8s le 21 mai au Cirque Royal et le 23 mai au De Roma \u00e0 Anvers. Ouverture de la billetterie \u00e0 partir du vendredi 8 d\u00e9cembre \u00e0 10h sur <\/strong><a href=\"http:\/\/www.gracialive.be\"><strong>www.gracialive.be<\/strong><\/a>.<\/p>\t\t\t\t\t\t<\/div>\n\t\t\t\t<\/div>\n\t\t\t\t\t<\/div>\n\t\t<\/div>\n\t\t\t\t<div class=\"has_eae_slider elementor-column elementor-col-33 elementor-top-column elementor-element elementor-element-120a9fbc\" data-id=\"120a9fbc\" data-element_type=\"column\">\n\t\t\t<div class=\"elementor-widget-wrap elementor-element-populated\">\n\t\t\t\t\t\t<div class=\"elementor-element elementor-element-3ec01d border_heading_vacatures elementor-widget elementor-widget-heading\" data-id=\"3ec01d\" data-element_type=\"widget\" data-widget_type=\"heading.default\">\n\t\t\t\t<div class=\"elementor-widget-container\">\n\t\t\t<h1 class=\"elementor-heading-title elementor-size-default\">Laatst aangekondigd<\/h1>\t\t<\/div>\n\t\t\t\t<\/div>\n\t\t\t\t<div class=\"elementor-element elementor-element-716af159 elementor-grid-1 elementor-grid-tablet-2 elementor-grid-mobile-1 elementor-widget elementor-widget-loop-grid\" data-id=\"716af159\" data-element_type=\"widget\" data-settings=\"{&quot;template_id&quot;:25355,&quot;columns&quot;:1,&quot;row_gap&quot;:{&quot;unit&quot;:&quot;rem&quot;,&quot;size&quot;:0.5,&quot;sizes&quot;:[]},&quot;row_gap_tablet&quot;:{&quot;unit&quot;:&quot;rem&quot;,&quot;size&quot;:&quot;&quot;,&quot;sizes&quot;:[]},&quot;row_gap_mobile&quot;:{&quot;unit&quot;:&quot;rem&quot;,&quot;size&quot;:&quot;&quot;,&quot;sizes&quot;:[]},&quot;_skin&quot;:&quot;post&quot;,&quot;columns_tablet&quot;:&quot;2&quot;,&quot;columns_mobile&quot;:&quot;1&quot;,&quot;edit_handle_selector&quot;:&quot;[data-elementor-type=\\&quot;loop-item\\&quot;]&quot;}\" data-widget_type=\"loop-grid.post\">\n\t\t\t\t<div class=\"elementor-widget-container\">\n\t\t\t<link rel=\"stylesheet\" href=\"https:\/\/gracialive.be\/wp-content\/plugins\/elementor-pro\/assets\/css\/widget-loop-builder.min.css\">\t\t<div class=\"elementor-loop-container elementor-grid\">\n\t\t<style id=\"loop-25355\">.elementor-25355 .elementor-element.elementor-element-751678a:not(.elementor-motion-effects-element-type-background) > .elementor-widget-wrap, .elementor-25355 .elementor-element.elementor-element-751678a > .elementor-widget-wrap > .elementor-motion-effects-container > .elementor-motion-effects-layer{background-color:#E2F3FF78;}.elementor-25355 .elementor-element.elementor-element-751678a > .elementor-element-populated, .elementor-25355 .elementor-element.elementor-element-751678a > .elementor-element-populated > .elementor-background-overlay, .elementor-25355 .elementor-element.elementor-element-751678a > .elementor-background-slideshow{border-radius:8px 8px 8px 8px;}.elementor-25355 .elementor-element.elementor-element-751678a > .elementor-element-populated{transition:background 0.3s, border 0.3s, border-radius 0.3s, box-shadow 0.3s;}.elementor-25355 .elementor-element.elementor-element-751678a > .elementor-element-populated > .elementor-background-overlay{transition:background 0.3s, border-radius 0.3s, opacity 0.3s;}.elementor-25355 .elementor-element.elementor-element-71a4685{text-align:right;}.elementor-25355 .elementor-element.elementor-element-71a4685 .elementor-heading-title{color:var( --e-global-color-accent );}.elementor-25355 .elementor-element.elementor-element-71a4685 > .elementor-widget-container{margin:6px 0px 0px 0px;}<\/style>\t\t<div data-elementor-type=\"loop-item\" data-elementor-id=\"25355\" class=\"elementor elementor-25355 e-loop-item e-loop-item-42181 post-42181 news type-news status-publish has-post-thumbnail hentry entry\" data-elementor-post-type=\"elementor_library\" data-custom-edit-handle=\"1\">\n\t\t\t\t\t<section class=\"has_eae_slider elementor-section elementor-top-section elementor-element elementor-element-bf11e25 elementor-section-boxed elementor-section-height-default elementor-section-height-default\" data-id=\"bf11e25\" data-element_type=\"section\" data-settings=\"{&quot;jet_parallax_layout_list&quot;:[]}\">\n\t\t\t\t\t\t<div class=\"elementor-container elementor-column-gap-default\">\n\t\t\t\t\t<div class=\"has_eae_slider elementor-column elementor-col-100 elementor-top-column elementor-element elementor-element-751678a\" data-id=\"751678a\" data-element_type=\"column\" data-settings=\"{&quot;background_background&quot;:&quot;classic&quot;}\">\n\t\t\t<div class=\"elementor-widget-wrap elementor-element-populated\">\n\t\t\t\t\t\t<div class=\"elementor-element elementor-element-ca54aa8 elementor-widget elementor-widget-image\" data-id=\"ca54aa8\" data-element_type=\"widget\" data-widget_type=\"image.default\">\n\t\t\t\t<div class=\"elementor-widget-container\">\n\t\t\t<style>\/*! elementor - v3.22.0 - 17-06-2024 *\/\n.elementor-widget-image{text-align:center}.elementor-widget-image a{display:inline-block}.elementor-widget-image a img[src$=\".svg\"]{width:48px}.elementor-widget-image img{vertical-align:middle;display:inline-block}<\/style>\t\t\t\t\t\t\t\t\t\t\t<a href=\"https:\/\/gracialive.be\/fr\/news\/wu-tang-clan-2026\/\">\n\t\t\t\t\t\t\t<img decoding=\"async\" src=\"https:\/\/gracialive.be\/wp-content\/uploads\/2025\/10\/wt-1920x1080-1.jpg\" title=\"\" alt=\"\" loading=\"lazy\" \/>\t\t\t\t\t\t\t\t<\/a>\n\t\t\t\t\t\t\t\t\t\t\t\t\t<\/div>\n\t\t\t\t<\/div>\n\t\t\t\t<div class=\"elementor-element elementor-element-71a4685 elementor-widget elementor-widget-theme-post-title elementor-page-title elementor-widget-heading\" data-id=\"71a4685\" data-element_type=\"widget\" data-widget_type=\"theme-post-title.default\">\n\t\t\t\t<div class=\"elementor-widget-container\">\n\t\t\t<h4 class=\"elementor-heading-title elementor-size-default\">\u00ab Wu Tang Forever : The Final Chamber \u00bb : le 15 mars 2026 \u00e0 l\u2019ING Arena de Bruxelles<\/h4>\t\t<\/div>\n\t\t\t\t<\/div>\n\t\t\t\t\t<\/div>\n\t\t<\/div>\n\t\t\t\t\t<\/div>\n\t\t<\/section>\n\t\t\t\t<\/div>\n\t\t\t\t<div data-elementor-type=\"loop-item\" data-elementor-id=\"25355\" class=\"elementor elementor-25355 e-loop-item e-loop-item-42168 post-42168 news type-news status-publish has-post-thumbnail hentry entry\" data-elementor-post-type=\"elementor_library\" data-custom-edit-handle=\"1\">\n\t\t\t\t\t<section class=\"has_eae_slider elementor-section elementor-top-section elementor-element elementor-element-bf11e25 elementor-section-boxed elementor-section-height-default elementor-section-height-default\" data-id=\"bf11e25\" data-element_type=\"section\" data-settings=\"{&quot;jet_parallax_layout_list&quot;:[]}\">\n\t\t\t\t\t\t<div class=\"elementor-container elementor-column-gap-default\">\n\t\t\t\t\t<div class=\"has_eae_slider elementor-column elementor-col-100 elementor-top-column elementor-element elementor-element-751678a\" data-id=\"751678a\" data-element_type=\"column\" data-settings=\"{&quot;background_background&quot;:&quot;classic&quot;}\">\n\t\t\t<div class=\"elementor-widget-wrap elementor-element-populated\">\n\t\t\t\t\t\t<div class=\"elementor-element elementor-element-ca54aa8 elementor-widget elementor-widget-image\" data-id=\"ca54aa8\" data-element_type=\"widget\" data-widget_type=\"image.default\">\n\t\t\t\t<div class=\"elementor-widget-container\">\n\t\t\t\t\t\t\t\t\t\t\t\t\t\t<a href=\"https:\/\/gracialive.be\/fr\/news\/eric-clapton-2026\/\">\n\t\t\t\t\t\t\t<img decoding=\"async\" src=\"https:\/\/gracialive.be\/wp-content\/uploads\/2025\/10\/ec-web-1920x1080-1.jpg\" title=\"\" alt=\"\" loading=\"lazy\" \/>\t\t\t\t\t\t\t\t<\/a>\n\t\t\t\t\t\t\t\t\t\t\t\t\t<\/div>\n\t\t\t\t<\/div>\n\t\t\t\t<div class=\"elementor-element elementor-element-71a4685 elementor-widget elementor-widget-theme-post-title elementor-page-title elementor-widget-heading\" data-id=\"71a4685\" data-element_type=\"widget\" data-widget_type=\"theme-post-title.default\">\n\t\t\t\t<div class=\"elementor-widget-container\">\n\t\t\t<h4 class=\"elementor-heading-title elementor-size-default\">Le 26 avril 2026, le virtuose de la guitare Eric Clapton sera de retour en Belgique pour un concert exceptionnel \u00e0 l\u2019AFAS Dome \u00e0 Anvers<\/h4>\t\t<\/div>\n\t\t\t\t<\/div>\n\t\t\t\t\t<\/div>\n\t\t<\/div>\n\t\t\t\t\t<\/div>\n\t\t<\/section>\n\t\t\t\t<\/div>\n\t\t\t\t<div data-elementor-type=\"loop-item\" data-elementor-id=\"25355\" class=\"elementor elementor-25355 e-loop-item e-loop-item-42156 post-42156 news type-news status-publish has-post-thumbnail hentry entry\" data-elementor-post-type=\"elementor_library\" data-custom-edit-handle=\"1\">\n\t\t\t\t\t<section class=\"has_eae_slider elementor-section elementor-top-section elementor-element elementor-element-bf11e25 elementor-section-boxed elementor-section-height-default elementor-section-height-default\" data-id=\"bf11e25\" data-element_type=\"section\" data-settings=\"{&quot;jet_parallax_layout_list&quot;:[]}\">\n\t\t\t\t\t\t<div class=\"elementor-container elementor-column-gap-default\">\n\t\t\t\t\t<div class=\"has_eae_slider elementor-column elementor-col-100 elementor-top-column elementor-element elementor-element-751678a\" data-id=\"751678a\" data-element_type=\"column\" data-settings=\"{&quot;background_background&quot;:&quot;classic&quot;}\">\n\t\t\t<div class=\"elementor-widget-wrap elementor-element-populated\">\n\t\t\t\t\t\t<div class=\"elementor-element elementor-element-ca54aa8 elementor-widget elementor-widget-image\" data-id=\"ca54aa8\" data-element_type=\"widget\" data-widget_type=\"image.default\">\n\t\t\t\t<div class=\"elementor-widget-container\">\n\t\t\t\t\t\t\t\t\t\t\t\t\t\t<a href=\"https:\/\/gracialive.be\/fr\/news\/helmut-lotti-2025\/\">\n\t\t\t\t\t\t\t<img decoding=\"async\" src=\"https:\/\/gracialive.be\/wp-content\/uploads\/2025\/05\/hc-1920x1080-1.jpg\" title=\"\" alt=\"\" loading=\"lazy\" \/>\t\t\t\t\t\t\t\t<\/a>\n\t\t\t\t\t\t\t\t\t\t\t\t\t<\/div>\n\t\t\t\t<\/div>\n\t\t\t\t<div class=\"elementor-element elementor-element-71a4685 elementor-widget elementor-widget-theme-post-title elementor-page-title elementor-widget-heading\" data-id=\"71a4685\" data-element_type=\"widget\" data-widget_type=\"theme-post-title.default\">\n\t\t\t\t<div class=\"elementor-widget-container\">\n\t\t\t<h4 class=\"elementor-heading-title elementor-size-default\">Helmut Lotti f\u00eate le 30\u1d49 anniversaire de &#8216;Helmut Lotti Goes Classic&#8217; avec une tourn\u00e9e festive \u00e0 travers la Belgique<\/h4>\t\t<\/div>\n\t\t\t\t<\/div>\n\t\t\t\t\t<\/div>\n\t\t<\/div>\n\t\t\t\t\t<\/div>\n\t\t<\/section>\n\t\t\t\t<\/div>\n\t\t\t\t<\/div>\n\t\t\n\t\t\t\t<\/div>\n\t\t\t\t<\/div>\n\t\t\t\t\t<\/div>\n\t\t<\/div>\n\t\t\t\t\t<\/div>\n\t\t<\/section>\n\t\t\t\t<section class=\"has_eae_slider elementor-section elementor-top-section elementor-element elementor-element-5b9ce029 elementor-section-boxed elementor-section-height-default elementor-section-height-default\" data-id=\"5b9ce029\" data-element_type=\"section\" data-settings=\"{&quot;jet_parallax_layout_list&quot;:[]}\">\n\t\t\t\t\t\t<div class=\"elementor-container elementor-column-gap-default\">\n\t\t\t\t\t<div class=\"has_eae_slider elementor-column elementor-col-100 elementor-top-column elementor-element elementor-element-2730f204\" data-id=\"2730f204\" data-element_type=\"column\">\n\t\t\t<div class=\"elementor-widget-wrap elementor-element-populated\">\n\t\t\t\t\t\t<div class=\"elementor-element elementor-element-5b505b1 elementor-widget elementor-widget-spacer\" data-id=\"5b505b1\" data-element_type=\"widget\" data-widget_type=\"spacer.default\">\n\t\t\t\t<div class=\"elementor-widget-container\">\n\t\t\t\t\t<div class=\"elementor-spacer\">\n\t\t\t<div class=\"elementor-spacer-inner\"><\/div>\n\t\t<\/div>\n\t\t\t\t<\/div>\n\t\t\t\t<\/div>\n\t\t\t\t\t<\/div>\n\t\t<\/div>\n\t\t\t\t\t<\/div>\n\t\t<\/section>\n\t\t\t\t<\/div>\n\t\t","protected":false},"featured_media":26988,"template":"elementor_header_footer","yoast_head":"<!-- This site is optimized with the Yoast SEO Premium plugin v21.5 (Yoast SEO v21.5) - https:\/\/yoast.com\/wordpress\/plugins\/seo\/ -->\n<title>Gracia Live | Alvaro Soler - M\u00e1s que verano Tour 2024 Belgique<\/title>\n<meta name=\"description\" content=\"Ne manquez pas l&#039;occasion de d\u00e9couvrir Alvaro Soler de pr\u00e8s le 21 mai 2024 au Cirque Royal et le 23 mai 2024 au De Roma \u00e0 Anvers.\" \/>\n<meta name=\"robots\" content=\"index, follow, max-snippet:-1, max-image-preview:large, max-video-preview:-1\" \/>\n<link rel=\"canonical\" href=\"https:\/\/gracialive.be\/fr\/news\/alvaro-soler-2024\/\" \/>\n<meta property=\"og:locale\" content=\"fr_FR\" \/>\n<meta property=\"og:type\" content=\"article\" \/>\n<meta property=\"og:title\" content=\"Alvaro Soler sera de passage en Belgique deux fois pour son &#039;M\u00e1s que verano Tour 2024&#039; !\" \/>\n<meta property=\"og:description\" content=\"Ne manquez pas l&#039;occasion de d\u00e9couvrir Alvaro Soler de pr\u00e8s le 21 mai 2024 au Cirque Royal et le 23 mai 2024 au De Roma \u00e0 Anvers.\" \/>\n<meta property=\"og:url\" content=\"https:\/\/gracialive.be\/fr\/news\/alvaro-soler-2024\/\" \/>\n<meta property=\"og:site_name\" content=\"Gracia Live\" \/>\n<meta property=\"article:publisher\" content=\"https:\/\/www.facebook.com\/gracialivebelgium\" \/>\n<meta property=\"article:modified_time\" content=\"2023-12-01T13:11:12+00:00\" \/>\n<meta property=\"og:image\" content=\"https:\/\/gracialive.be\/wp-content\/uploads\/2023\/12\/AS-website-1200x300-1.jpg\" \/>\n\t<meta property=\"og:image:width\" content=\"1200\" \/>\n\t<meta property=\"og:image:height\" content=\"300\" \/>\n\t<meta property=\"og:image:type\" content=\"image\/jpeg\" \/>\n<meta name=\"twitter:card\" content=\"summary_large_image\" \/>\n<meta name=\"twitter:site\" content=\"@GRACIALIVEBEL\" \/>\n<meta name=\"twitter:label1\" content=\"Dur\u00e9e de lecture estim\u00e9e\" \/>\n\t<meta name=\"twitter:data1\" content=\"3 minutes\" \/>\n<script type=\"application\/ld+json\" class=\"yoast-schema-graph\">{\"@context\":\"https:\/\/schema.org\",\"@graph\":[{\"@type\":\"WebPage\",\"@id\":\"https:\/\/gracialive.be\/fr\/news\/alvaro-soler-2024\/\",\"url\":\"https:\/\/gracialive.be\/fr\/news\/alvaro-soler-2024\/\",\"name\":\"Gracia Live | Alvaro Soler - M\u00e1s que verano Tour 2024 Belgique\",\"isPartOf\":{\"@id\":\"https:\/\/gracialive.be\/#website\"},\"datePublished\":\"2023-12-01T12:53:19+00:00\",\"dateModified\":\"2023-12-01T13:11:12+00:00\",\"description\":\"Ne manquez pas l'occasion de d\u00e9couvrir Alvaro Soler de pr\u00e8s le 21 mai 2024 au Cirque Royal et le 23 mai 2024 au De Roma \u00e0 Anvers.\",\"breadcrumb\":{\"@id\":\"https:\/\/gracialive.be\/fr\/news\/alvaro-soler-2024\/#breadcrumb\"},\"inLanguage\":\"fr-FR\",\"potentialAction\":[{\"@type\":\"ReadAction\",\"target\":[\"https:\/\/gracialive.be\/fr\/news\/alvaro-soler-2024\/\"]}]},{\"@type\":\"BreadcrumbList\",\"@id\":\"https:\/\/gracialive.be\/fr\/news\/alvaro-soler-2024\/#breadcrumb\",\"itemListElement\":[{\"@type\":\"ListItem\",\"position\":1,\"name\":\"Home\",\"item\":\"https:\/\/gracialive.be\/fr\/\"},{\"@type\":\"ListItem\",\"position\":2,\"name\":\"Alvaro Soler sera de passage en Belgique deux fois pour son &#8216;M\u00e1s que verano Tour 2024&#8217; !\"}]},{\"@type\":\"WebSite\",\"@id\":\"https:\/\/gracialive.be\/#website\",\"url\":\"https:\/\/gracialive.be\/\",\"name\":\"Gracia Live\",\"description\":\"Concert en Event Promotor Belgium\",\"publisher\":{\"@id\":\"https:\/\/gracialive.be\/#organization\"},\"potentialAction\":[{\"@type\":\"SearchAction\",\"target\":{\"@type\":\"EntryPoint\",\"urlTemplate\":\"https:\/\/gracialive.be\/?s={search_term_string}\"},\"query-input\":\"required name=search_term_string\"}],\"inLanguage\":\"fr-FR\"},{\"@type\":\"Organization\",\"@id\":\"https:\/\/gracialive.be\/#organization\",\"name\":\"Gracia Live\",\"url\":\"https:\/\/gracialive.be\/\",\"logo\":{\"@type\":\"ImageObject\",\"inLanguage\":\"fr-FR\",\"@id\":\"https:\/\/gracialive.be\/#\/schema\/logo\/image\/\",\"url\":\"https:\/\/gracialive.be\/wp-content\/uploads\/2022\/01\/cropped-GL-500x300_zwart.png\",\"contentUrl\":\"https:\/\/gracialive.be\/wp-content\/uploads\/2022\/01\/cropped-GL-500x300_zwart.png\",\"width\":512,\"height\":512,\"caption\":\"Gracia Live\"},\"image\":{\"@id\":\"https:\/\/gracialive.be\/#\/schema\/logo\/image\/\"},\"sameAs\":[\"https:\/\/www.facebook.com\/gracialivebelgium\",\"https:\/\/twitter.com\/GRACIALIVEBEL\",\"https:\/\/www.instagram.com\/gracialive_belgium\/\"]}]}<\/script>\n<!-- \/ Yoast SEO Premium plugin. -->","yoast_head_json":{"title":"Gracia Live | Alvaro Soler - M\u00e1s que verano Tour 2024 Belgique","description":"Ne manquez pas l'occasion de d\u00e9couvrir Alvaro Soler de pr\u00e8s le 21 mai 2024 au Cirque Royal et le 23 mai 2024 au De Roma \u00e0 Anvers.","robots":{"index":"index","follow":"follow","max-snippet":"max-snippet:-1","max-image-preview":"max-image-preview:large","max-video-preview":"max-video-preview:-1"},"canonical":"https:\/\/gracialive.be\/fr\/news\/alvaro-soler-2024\/","og_locale":"fr_FR","og_type":"article","og_title":"Alvaro Soler sera de passage en Belgique deux fois pour son 'M\u00e1s que verano Tour 2024' !","og_description":"Ne manquez pas l'occasion de d\u00e9couvrir Alvaro Soler de pr\u00e8s le 21 mai 2024 au Cirque Royal et le 23 mai 2024 au De Roma \u00e0 Anvers.","og_url":"https:\/\/gracialive.be\/fr\/news\/alvaro-soler-2024\/","og_site_name":"Gracia Live","article_publisher":"https:\/\/www.facebook.com\/gracialivebelgium","article_modified_time":"2023-12-01T13:11:12+00:00","og_image":[{"width":1200,"height":300,"url":"https:\/\/gracialive.be\/wp-content\/uploads\/2023\/12\/AS-website-1200x300-1.jpg","type":"image\/jpeg"}],"twitter_card":"summary_large_image","twitter_site":"@GRACIALIVEBEL","twitter_misc":{"Dur\u00e9e de lecture estim\u00e9e":"3 minutes"},"schema":{"@context":"https:\/\/schema.org","@graph":[{"@type":"WebPage","@id":"https:\/\/gracialive.be\/fr\/news\/alvaro-soler-2024\/","url":"https:\/\/gracialive.be\/fr\/news\/alvaro-soler-2024\/","name":"Gracia Live | Alvaro Soler - M\u00e1s que verano Tour 2024 Belgique","isPartOf":{"@id":"https:\/\/gracialive.be\/#website"},"datePublished":"2023-12-01T12:53:19+00:00","dateModified":"2023-12-01T13:11:12+00:00","description":"Ne manquez pas l'occasion de d\u00e9couvrir Alvaro Soler de pr\u00e8s le 21 mai 2024 au Cirque Royal et le 23 mai 2024 au De Roma \u00e0 Anvers.","breadcrumb":{"@id":"https:\/\/gracialive.be\/fr\/news\/alvaro-soler-2024\/#breadcrumb"},"inLanguage":"fr-FR","potentialAction":[{"@type":"ReadAction","target":["https:\/\/gracialive.be\/fr\/news\/alvaro-soler-2024\/"]}]},{"@type":"BreadcrumbList","@id":"https:\/\/gracialive.be\/fr\/news\/alvaro-soler-2024\/#breadcrumb","itemListElement":[{"@type":"ListItem","position":1,"name":"Home","item":"https:\/\/gracialive.be\/fr\/"},{"@type":"ListItem","position":2,"name":"Alvaro Soler sera de passage en Belgique deux fois pour son &#8216;M\u00e1s que verano Tour 2024&#8217; !"}]},{"@type":"WebSite","@id":"https:\/\/gracialive.be\/#website","url":"https:\/\/gracialive.be\/","name":"Gracia Live","description":"Concert en Event Promotor Belgium","publisher":{"@id":"https:\/\/gracialive.be\/#organization"},"potentialAction":[{"@type":"SearchAction","target":{"@type":"EntryPoint","urlTemplate":"https:\/\/gracialive.be\/?s={search_term_string}"},"query-input":"required name=search_term_string"}],"inLanguage":"fr-FR"},{"@type":"Organization","@id":"https:\/\/gracialive.be\/#organization","name":"Gracia Live","url":"https:\/\/gracialive.be\/","logo":{"@type":"ImageObject","inLanguage":"fr-FR","@id":"https:\/\/gracialive.be\/#\/schema\/logo\/image\/","url":"https:\/\/gracialive.be\/wp-content\/uploads\/2022\/01\/cropped-GL-500x300_zwart.png","contentUrl":"https:\/\/gracialive.be\/wp-content\/uploads\/2022\/01\/cropped-GL-500x300_zwart.png","width":512,"height":512,"caption":"Gracia Live"},"image":{"@id":"https:\/\/gracialive.be\/#\/schema\/logo\/image\/"},"sameAs":["https:\/\/www.facebook.com\/gracialivebelgium","https:\/\/twitter.com\/GRACIALIVEBEL","https:\/\/www.instagram.com\/gracialive_belgium\/"]}]}},"acf":{"news-image":"https:\/\/gracialive.be\/wp-content\/uploads\/2023\/12\/AS-website-1920x1080-1.jpg","news-text":"En 2022, Alvaro Soler a encore s\u00e9duit son public Belge dans un Forest National bien rempli ! Pour sa prochaine tourn\u00e9e, il donne rendez-vous \u00e0 ses fans belges dans l'intimit\u00e9 du Cirque Royal \u00e0 Bruxelles et de De Roma \u00e0 Anvers !\r\n","news-titel":""},"_links":{"self":[{"href":"https:\/\/gracialive.be\/fr\/wp-json\/wp\/v2\/news\/27003"}],"collection":[{"href":"https:\/\/gracialive.be\/fr\/wp-json\/wp\/v2\/news"}],"about":[{"href":"https:\/\/gracialive.be\/fr\/wp-json\/wp\/v2\/types\/news"}],"version-history":[{"count":8,"href":"https:\/\/gracialive.be\/fr\/wp-json\/wp\/v2\/news\/27003\/revisions"}],"predecessor-version":[{"id":27011,"href":"https:\/\/gracialive.be\/fr\/wp-json\/wp\/v2\/news\/27003\/revisions\/27011"}],"wp:featuredmedia":[{"embeddable":true,"href":"https:\/\/gracialive.be\/fr\/wp-json\/wp\/v2\/media\/26988"}],"wp:attachment":[{"href":"https:\/\/gracialive.be\/fr\/wp-json\/wp\/v2\/media?parent=27003"}],"curies":[{"name":"wp","href":"https:\/\/api.w.org\/{rel}","templated":true}]}}