{"id":25595,"date":"2023-03-22T11:41:36","date_gmt":"2023-03-22T11:41:36","guid":{"rendered":"https:\/\/gracialive.be\/news\/laura-pausini\/"},"modified":"2023-11-06T11:02:47","modified_gmt":"2023-11-06T11:02:47","slug":"laura-pausini","status":"publish","type":"news","link":"https:\/\/gracialive.be\/fr\/news\/laura-pausini\/","title":{"rendered":"Laura Pausini revient dans notre pays apr\u00e8s 6 ans !"},"content":{"rendered":"\t\t<div data-elementor-type=\"wp-post\" data-elementor-id=\"25595\" class=\"elementor elementor-25595 elementor-25581\" data-elementor-post-type=\"news\">\n\t\t\t\t\t\t<section class=\"has_eae_slider elementor-section elementor-top-section elementor-element elementor-element-784b4307 elementor-section-boxed elementor-section-height-default elementor-section-height-default\" data-id=\"784b4307\" data-element_type=\"section\" data-settings=\"{&quot;jet_parallax_layout_list&quot;:[]}\">\n\t\t\t\t\t\t<div class=\"elementor-container elementor-column-gap-default\">\n\t\t\t\t\t<div class=\"has_eae_slider elementor-column elementor-col-100 elementor-top-column elementor-element elementor-element-60cbd78a\" data-id=\"60cbd78a\" data-element_type=\"column\">\n\t\t\t<div class=\"elementor-widget-wrap elementor-element-populated\">\n\t\t\t\t\t\t<div class=\"elementor-element elementor-element-f8cfcc1 elementor-cta--skin-cover elementor-animated-content elementor-bg-transform elementor-bg-transform-zoom-in elementor-widget elementor-widget-call-to-action\" data-id=\"f8cfcc1\" data-element_type=\"widget\" data-widget_type=\"call-to-action.default\">\n\t\t\t\t<div class=\"elementor-widget-container\">\n\t\t\t<link rel=\"stylesheet\" href=\"https:\/\/gracialive.be\/wp-content\/plugins\/elementor-pro\/assets\/css\/widget-call-to-action.min.css\">\t\t<div class=\"elementor-cta\">\n\t\t\t\t\t<div class=\"elementor-cta__bg-wrapper\">\n\t\t\t\t<div class=\"elementor-cta__bg elementor-bg\" style=\"background-image: url(https:\/\/gracialive.be\/wp-content\/uploads\/2023\/10\/LauraPausini-1200x300-1-1024x256.jpg);\" role=\"img\" aria-label=\"LauraPausini-1200x300\"><\/div>\n\t\t\t\t<div class=\"elementor-cta__bg-overlay\"><\/div>\n\t\t\t<\/div>\n\t\t\t\t\t\t\t<div class=\"elementor-cta__content\">\n\t\t\t\t\n\t\t\t\t\t\t\t\t\t<h2 class=\"elementor-cta__title elementor-cta__content-item elementor-content-item elementor-animated-item--grow\">\n\t\t\t\t\t\t \t\t\t\t\t<\/h2>\n\t\t\t\t\n\t\t\t\t\n\t\t\t\t\t\t\t<\/div>\n\t\t\t\t\t\t\t<div class=\"elementor-ribbon\">\n\t\t\t\t<div class=\"elementor-ribbon-inner\">concertnews<\/div>\n\t\t\t<\/div>\n\t\t\t\t<\/div>\n\t\t\t\t<\/div>\n\t\t\t\t<\/div>\n\t\t\t\t\t<\/div>\n\t\t<\/div>\n\t\t\t\t\t<\/div>\n\t\t<\/section>\n\t\t\t\t<section class=\"has_eae_slider elementor-section elementor-top-section elementor-element elementor-element-79642776 elementor-section-boxed elementor-section-height-default elementor-section-height-default\" data-id=\"79642776\" data-element_type=\"section\" data-settings=\"{&quot;jet_parallax_layout_list&quot;:[]}\">\n\t\t\t\t\t\t<div class=\"elementor-container elementor-column-gap-default\">\n\t\t\t\t\t<div class=\"has_eae_slider elementor-column elementor-col-66 elementor-top-column elementor-element elementor-element-4f887b82\" data-id=\"4f887b82\" data-element_type=\"column\">\n\t\t\t<div class=\"elementor-widget-wrap elementor-element-populated\">\n\t\t\t\t\t\t<div class=\"elementor-element elementor-element-97229da elementor-widget elementor-widget-heading\" data-id=\"97229da\" data-element_type=\"widget\" data-widget_type=\"heading.default\">\n\t\t\t\t<div class=\"elementor-widget-container\">\n\t\t\t<style>\/*! elementor - v3.22.0 - 17-06-2024 *\/\n.elementor-heading-title{padding:0;margin:0;line-height:1}.elementor-widget-heading .elementor-heading-title[class*=elementor-size-]>a{color:inherit;font-size:inherit;line-height:inherit}.elementor-widget-heading .elementor-heading-title.elementor-size-small{font-size:15px}.elementor-widget-heading .elementor-heading-title.elementor-size-medium{font-size:19px}.elementor-widget-heading .elementor-heading-title.elementor-size-large{font-size:29px}.elementor-widget-heading .elementor-heading-title.elementor-size-xl{font-size:39px}.elementor-widget-heading .elementor-heading-title.elementor-size-xxl{font-size:59px}<\/style><h1 class=\"elementor-heading-title elementor-size-default\">Laura Pausini \/\/ 10 f\u00e9vrier 2024<\/h1>\t\t<\/div>\n\t\t\t\t<\/div>\n\t\t\t\t<div class=\"elementor-element elementor-element-7a97401f elementor-widget elementor-widget-heading\" data-id=\"7a97401f\" data-element_type=\"widget\" data-widget_type=\"heading.default\">\n\t\t\t\t<div class=\"elementor-widget-container\">\n\t\t\t<h2 class=\"elementor-heading-title elementor-size-default\">SON PREMIER CONCERT EN BELGIQUE DEPUIS SIX ANS ET SON 8E PASSAGE \u00c0 FOREST NATIONAL !<\/h2>\t\t<\/div>\n\t\t\t\t<\/div>\n\t\t\t\t<div class=\"elementor-element elementor-element-291810b4 elementor-widget elementor-widget-spacer\" data-id=\"291810b4\" data-element_type=\"widget\" data-widget_type=\"spacer.default\">\n\t\t\t\t<div class=\"elementor-widget-container\">\n\t\t\t<style>\/*! elementor - v3.22.0 - 17-06-2024 *\/\n.elementor-column .elementor-spacer-inner{height:var(--spacer-size)}.e-con{--container-widget-width:100%}.e-con-inner>.elementor-widget-spacer,.e-con>.elementor-widget-spacer{width:var(--container-widget-width,var(--spacer-size));--align-self:var(--container-widget-align-self,initial);--flex-shrink:0}.e-con-inner>.elementor-widget-spacer>.elementor-widget-container,.e-con>.elementor-widget-spacer>.elementor-widget-container{height:100%;width:100%}.e-con-inner>.elementor-widget-spacer>.elementor-widget-container>.elementor-spacer,.e-con>.elementor-widget-spacer>.elementor-widget-container>.elementor-spacer{height:100%}.e-con-inner>.elementor-widget-spacer>.elementor-widget-container>.elementor-spacer>.elementor-spacer-inner,.e-con>.elementor-widget-spacer>.elementor-widget-container>.elementor-spacer>.elementor-spacer-inner{height:var(--container-widget-height,var(--spacer-size))}.e-con-inner>.elementor-widget-spacer.elementor-widget-empty,.e-con>.elementor-widget-spacer.elementor-widget-empty{position:relative;min-height:22px;min-width:22px}.e-con-inner>.elementor-widget-spacer.elementor-widget-empty .elementor-widget-empty-icon,.e-con>.elementor-widget-spacer.elementor-widget-empty .elementor-widget-empty-icon{position:absolute;top:0;bottom:0;left:0;right:0;margin:auto;padding:0;width:22px;height:22px}<\/style>\t\t<div class=\"elementor-spacer\">\n\t\t\t<div class=\"elementor-spacer-inner\"><\/div>\n\t\t<\/div>\n\t\t\t\t<\/div>\n\t\t\t\t<\/div>\n\t\t\t\t<div class=\"elementor-element elementor-element-59b637cf elementor-widget elementor-widget-text-editor\" data-id=\"59b637cf\" data-element_type=\"widget\" data-widget_type=\"text-editor.default\">\n\t\t\t\t<div class=\"elementor-widget-container\">\n\t\t\t<style>\/*! elementor - v3.22.0 - 17-06-2024 *\/\n.elementor-widget-text-editor.elementor-drop-cap-view-stacked .elementor-drop-cap{background-color:#69727d;color:#fff}.elementor-widget-text-editor.elementor-drop-cap-view-framed .elementor-drop-cap{color:#69727d;border:3px solid;background-color:transparent}.elementor-widget-text-editor:not(.elementor-drop-cap-view-default) .elementor-drop-cap{margin-top:8px}.elementor-widget-text-editor:not(.elementor-drop-cap-view-default) .elementor-drop-cap-letter{width:1em;height:1em}.elementor-widget-text-editor .elementor-drop-cap{float:left;text-align:center;line-height:1;font-size:50px}.elementor-widget-text-editor .elementor-drop-cap-letter{display:inline-block}<\/style>\t\t\t\t<p><strong>Les dates tant attendues du LAURA PAUSINI WORLD TOUR 2023\/2024 ont enfin \u00e9t\u00e9 annonc\u00e9es. La star italienne entamera sa tourn\u00e9e mondiale \u00e0 la fin de l&#8217;ann\u00e9e 2023, avec une escale en Belgique&#8230; le samedi 10 f\u00e9vrier 2024, \u00e0 Forest National, un concert \u00e0 ne pas manquer !<\/strong><\/p>\t\t\t\t\t\t<\/div>\n\t\t\t\t<\/div>\n\t\t\t\t<div class=\"elementor-element elementor-element-4e1ac47 elementor-widget elementor-widget-button\" data-id=\"4e1ac47\" data-element_type=\"widget\" data-widget_type=\"button.default\">\n\t\t\t\t<div class=\"elementor-widget-container\">\n\t\t\t\t\t<div class=\"elementor-button-wrapper\">\n\t\t\t<a class=\"elementor-button elementor-button-link elementor-size-md\" href=\"https:\/\/www.forest-national.be\/evenement\/laura-pausini-5df2514e?_gl=1*grrz88*_ga*MTE1Mjk1OTQ1MS4xNjkzOTg1NTY5*_ga_DMBQQVL45V*MTY5NjU5MjYxMS44LjEuMTY5NjU5MjkwNC42MC4wLjA.#tickets\" target=\"_blank\">\n\t\t\t\t\t\t<span class=\"elementor-button-content-wrapper\">\n\t\t\t\t\t\t\t\t\t<span class=\"elementor-button-text\">Billets Laura Pausini<\/span>\n\t\t\t\t\t<\/span>\n\t\t\t\t\t<\/a>\n\t\t<\/div>\n\t\t\t\t<\/div>\n\t\t\t\t<\/div>\n\t\t\t\t<div class=\"elementor-element elementor-element-6f713664 elementor-widget elementor-widget-spacer\" data-id=\"6f713664\" data-element_type=\"widget\" data-widget_type=\"spacer.default\">\n\t\t\t\t<div class=\"elementor-widget-container\">\n\t\t\t\t\t<div class=\"elementor-spacer\">\n\t\t\t<div class=\"elementor-spacer-inner\"><\/div>\n\t\t<\/div>\n\t\t\t\t<\/div>\n\t\t\t\t<\/div>\n\t\t\t\t<div class=\"elementor-element elementor-element-66034b55 elementor-widget elementor-widget-text-editor\" data-id=\"66034b55\" data-element_type=\"widget\" data-widget_type=\"text-editor.default\">\n\t\t\t\t<div class=\"elementor-widget-container\">\n\t\t\t\t\t\t\t<div>La star italienne <strong>Laura Pausini<\/strong> d\u00e9butera <strong>sa tourn\u00e9e mondiale en d\u00e9cembre, \u00e0 Rome<\/strong>, alors qu\u2019elle vient d\u2019achever son incroyable marathon au succ\u00e8s ph\u00e9nom\u00e9nal<strong>, #LAURA30<\/strong>. Pour f\u00eater ses 30 ans de carri\u00e8re, elle s\u2019\u00e9tait produite <strong>trois fois en concert en l\u2019espace de 24 heures : \u00e0 New York, Madrid et Milan<\/strong>.<\/div><div>\u00a0<\/div><div>Laura Pausini revient ainsi en force et en forme pour un nouveau d\u00e9part. Apr\u00e8s son <strong>World Tour Premi\u00e8re<\/strong> sur <strong>la<\/strong> <strong>Place Saint-Marc<\/strong> \u00e0 <strong>Venise <\/strong>et sur <strong>la Place d\u2019Espagne<\/strong> \u00e0 <strong>Seville<\/strong>, l\u2019artiste mettra le cap sur quelques-unes des salles les plus prestigieuses au monde. \u00c0 chacun de ses concerts, Laura ravira une nouvelle fois ses fans et ses adorateurs en chantant, en plus de ses tubes, toutes les nouvelles chansons en passe d\u2019\u00e9crire un nouveau chapitre de sa carri\u00e8re.<\/div><div>\u00a0<\/div><div><em>&#8220;Je n&#8217;ai pas \u00e9t\u00e9 en tourn\u00e9e depuis 2019 !&#8221; <\/em>&#8211; d\u00e9clare Laura Pauisini. <em>&#8220;C&#8217;est ce qui m&#8217;a le plus manqu\u00e9 ces derni\u00e8res ann\u00e9es.Lorsque je pensais \u00e0 notre lune de miel avec Paolo, \u00e0 partir d&#8217;aujourd&#8217;hui mon mari, nous nous sommes regard\u00e9s dans les yeux et nous avons tous les deux r\u00e9alis\u00e9 que la meilleure fa\u00e7on de c\u00e9l\u00e9brer et d&#8217;\u00eatre vraiment heureux \u00e9tait de remonter sur sc\u00e8ne.La nouvelle tourn\u00e9e mondiale sera donc notre propre lune de miel !&#8221;<\/em><\/div><div>\u00a0<\/div><div>\u00c9galement <strong>disponible \u00e0 partir du 23 mars 2023, le vinyle de \u00ab <\/strong><strong>Un Buon Inizio\/Un Buen Inicio \u00bb<\/strong>, <strong>le dernier single de Laura Pausini.<\/strong> Le vinyle contient \u00e9galement <strong>le tout nouveau morceau in\u00e9dit \u00abDavanti a noi \/ Frente a Nosotros \u00bb<\/strong>, une chanson \u00e9crite par Laura Pausini, Paolo Carta et Niccol\u00f2 Agliardi. Un titre particulier \u00e9tant donn\u00e9 qu\u2019il s\u2019agit de la chanson du mariage de Laura et Paolo<strong>.<\/strong><\/div><div>\u00a0<\/div><div><strong>Ne manquez pas ce retour tant attendu de Laura Pausini en Belgique, le samedi 10 f\u00e9vrier 2024 \u00e0 Forest National, Bruxelles ! Les billets seront mis en vente le samedi 25 mars \u00e0 9 heures sur <a href=\"https:\/\/gracialive.be\/fr\/laura-pausini-2024\" data-cke-saved-href=\"https:\/\/gracialive.be\/fr\/laura-pausini-2024\">gracialive.be<\/a><\/strong><\/div>\t\t\t\t\t\t<\/div>\n\t\t\t\t<\/div>\n\t\t\t\t\t<\/div>\n\t\t<\/div>\n\t\t\t\t<div class=\"has_eae_slider elementor-column elementor-col-33 elementor-top-column elementor-element elementor-element-27aff9cc\" data-id=\"27aff9cc\" data-element_type=\"column\">\n\t\t\t<div class=\"elementor-widget-wrap elementor-element-populated\">\n\t\t\t\t\t\t<div class=\"elementor-element elementor-element-769f9919 border_heading_vacatures elementor-widget elementor-widget-heading\" data-id=\"769f9919\" data-element_type=\"widget\" data-widget_type=\"heading.default\">\n\t\t\t\t<div class=\"elementor-widget-container\">\n\t\t\t<h1 class=\"elementor-heading-title elementor-size-default\">Laatst aangekondigd<\/h1>\t\t<\/div>\n\t\t\t\t<\/div>\n\t\t\t\t<div class=\"elementor-element elementor-element-5d2877d4 elementor-grid-1 elementor-grid-tablet-2 elementor-grid-mobile-1 elementor-widget elementor-widget-loop-grid\" data-id=\"5d2877d4\" data-element_type=\"widget\" data-settings=\"{&quot;template_id&quot;:25355,&quot;columns&quot;:1,&quot;row_gap&quot;:{&quot;unit&quot;:&quot;rem&quot;,&quot;size&quot;:0.5,&quot;sizes&quot;:[]},&quot;row_gap_tablet&quot;:{&quot;unit&quot;:&quot;rem&quot;,&quot;size&quot;:&quot;&quot;,&quot;sizes&quot;:[]},&quot;row_gap_mobile&quot;:{&quot;unit&quot;:&quot;rem&quot;,&quot;size&quot;:&quot;&quot;,&quot;sizes&quot;:[]},&quot;_skin&quot;:&quot;post&quot;,&quot;columns_tablet&quot;:&quot;2&quot;,&quot;columns_mobile&quot;:&quot;1&quot;,&quot;edit_handle_selector&quot;:&quot;[data-elementor-type=\\&quot;loop-item\\&quot;]&quot;}\" data-widget_type=\"loop-grid.post\">\n\t\t\t\t<div class=\"elementor-widget-container\">\n\t\t\t<link rel=\"stylesheet\" href=\"https:\/\/gracialive.be\/wp-content\/plugins\/elementor-pro\/assets\/css\/widget-loop-builder.min.css\">\t\t<div class=\"elementor-loop-container elementor-grid\">\n\t\t<style id=\"loop-25355\">.elementor-25355 .elementor-element.elementor-element-751678a:not(.elementor-motion-effects-element-type-background) > .elementor-widget-wrap, .elementor-25355 .elementor-element.elementor-element-751678a > .elementor-widget-wrap > .elementor-motion-effects-container > .elementor-motion-effects-layer{background-color:#E2F3FF78;}.elementor-25355 .elementor-element.elementor-element-751678a > .elementor-element-populated, .elementor-25355 .elementor-element.elementor-element-751678a > .elementor-element-populated > .elementor-background-overlay, .elementor-25355 .elementor-element.elementor-element-751678a > .elementor-background-slideshow{border-radius:8px 8px 8px 8px;}.elementor-25355 .elementor-element.elementor-element-751678a > .elementor-element-populated{transition:background 0.3s, border 0.3s, border-radius 0.3s, box-shadow 0.3s;}.elementor-25355 .elementor-element.elementor-element-751678a > .elementor-element-populated > .elementor-background-overlay{transition:background 0.3s, border-radius 0.3s, opacity 0.3s;}.elementor-25355 .elementor-element.elementor-element-71a4685{text-align:right;}.elementor-25355 .elementor-element.elementor-element-71a4685 .elementor-heading-title{color:var( --e-global-color-accent );}.elementor-25355 .elementor-element.elementor-element-71a4685 > .elementor-widget-container{margin:6px 0px 0px 0px;}<\/style>\t\t<div data-elementor-type=\"loop-item\" data-elementor-id=\"25355\" class=\"elementor elementor-25355 e-loop-item e-loop-item-42181 post-42181 news type-news status-publish has-post-thumbnail hentry entry\" data-elementor-post-type=\"elementor_library\" data-custom-edit-handle=\"1\">\n\t\t\t\t\t<section class=\"has_eae_slider elementor-section elementor-top-section elementor-element elementor-element-bf11e25 elementor-section-boxed elementor-section-height-default elementor-section-height-default\" data-id=\"bf11e25\" data-element_type=\"section\" data-settings=\"{&quot;jet_parallax_layout_list&quot;:[]}\">\n\t\t\t\t\t\t<div class=\"elementor-container elementor-column-gap-default\">\n\t\t\t\t\t<div class=\"has_eae_slider elementor-column elementor-col-100 elementor-top-column elementor-element elementor-element-751678a\" data-id=\"751678a\" data-element_type=\"column\" data-settings=\"{&quot;background_background&quot;:&quot;classic&quot;}\">\n\t\t\t<div class=\"elementor-widget-wrap elementor-element-populated\">\n\t\t\t\t\t\t<div class=\"elementor-element elementor-element-ca54aa8 elementor-widget elementor-widget-image\" data-id=\"ca54aa8\" data-element_type=\"widget\" data-widget_type=\"image.default\">\n\t\t\t\t<div class=\"elementor-widget-container\">\n\t\t\t<style>\/*! elementor - v3.22.0 - 17-06-2024 *\/\n.elementor-widget-image{text-align:center}.elementor-widget-image a{display:inline-block}.elementor-widget-image a img[src$=\".svg\"]{width:48px}.elementor-widget-image img{vertical-align:middle;display:inline-block}<\/style>\t\t\t\t\t\t\t\t\t\t\t<a href=\"https:\/\/gracialive.be\/fr\/news\/wu-tang-clan-2026\/\">\n\t\t\t\t\t\t\t<img decoding=\"async\" src=\"https:\/\/gracialive.be\/wp-content\/uploads\/2025\/10\/wt-1920x1080-1.jpg\" title=\"\" alt=\"\" loading=\"lazy\" \/>\t\t\t\t\t\t\t\t<\/a>\n\t\t\t\t\t\t\t\t\t\t\t\t\t<\/div>\n\t\t\t\t<\/div>\n\t\t\t\t<div class=\"elementor-element elementor-element-71a4685 elementor-widget elementor-widget-theme-post-title elementor-page-title elementor-widget-heading\" data-id=\"71a4685\" data-element_type=\"widget\" data-widget_type=\"theme-post-title.default\">\n\t\t\t\t<div class=\"elementor-widget-container\">\n\t\t\t<h4 class=\"elementor-heading-title elementor-size-default\">\u00ab Wu Tang Forever : The Final Chamber \u00bb : le 15 mars 2026 \u00e0 l\u2019ING Arena de Bruxelles<\/h4>\t\t<\/div>\n\t\t\t\t<\/div>\n\t\t\t\t\t<\/div>\n\t\t<\/div>\n\t\t\t\t\t<\/div>\n\t\t<\/section>\n\t\t\t\t<\/div>\n\t\t\t\t<div data-elementor-type=\"loop-item\" data-elementor-id=\"25355\" class=\"elementor elementor-25355 e-loop-item e-loop-item-42168 post-42168 news type-news status-publish has-post-thumbnail hentry entry\" data-elementor-post-type=\"elementor_library\" data-custom-edit-handle=\"1\">\n\t\t\t\t\t<section class=\"has_eae_slider elementor-section elementor-top-section elementor-element elementor-element-bf11e25 elementor-section-boxed elementor-section-height-default elementor-section-height-default\" data-id=\"bf11e25\" data-element_type=\"section\" data-settings=\"{&quot;jet_parallax_layout_list&quot;:[]}\">\n\t\t\t\t\t\t<div class=\"elementor-container elementor-column-gap-default\">\n\t\t\t\t\t<div class=\"has_eae_slider elementor-column elementor-col-100 elementor-top-column elementor-element elementor-element-751678a\" data-id=\"751678a\" data-element_type=\"column\" data-settings=\"{&quot;background_background&quot;:&quot;classic&quot;}\">\n\t\t\t<div class=\"elementor-widget-wrap elementor-element-populated\">\n\t\t\t\t\t\t<div class=\"elementor-element elementor-element-ca54aa8 elementor-widget elementor-widget-image\" data-id=\"ca54aa8\" data-element_type=\"widget\" data-widget_type=\"image.default\">\n\t\t\t\t<div class=\"elementor-widget-container\">\n\t\t\t\t\t\t\t\t\t\t\t\t\t\t<a href=\"https:\/\/gracialive.be\/fr\/news\/eric-clapton-2026\/\">\n\t\t\t\t\t\t\t<img decoding=\"async\" src=\"https:\/\/gracialive.be\/wp-content\/uploads\/2025\/10\/ec-web-1920x1080-1.jpg\" title=\"\" alt=\"\" loading=\"lazy\" \/>\t\t\t\t\t\t\t\t<\/a>\n\t\t\t\t\t\t\t\t\t\t\t\t\t<\/div>\n\t\t\t\t<\/div>\n\t\t\t\t<div class=\"elementor-element elementor-element-71a4685 elementor-widget elementor-widget-theme-post-title elementor-page-title elementor-widget-heading\" data-id=\"71a4685\" data-element_type=\"widget\" data-widget_type=\"theme-post-title.default\">\n\t\t\t\t<div class=\"elementor-widget-container\">\n\t\t\t<h4 class=\"elementor-heading-title elementor-size-default\">Le 26 avril 2026, le virtuose de la guitare Eric Clapton sera de retour en Belgique pour un concert exceptionnel \u00e0 l\u2019AFAS Dome \u00e0 Anvers<\/h4>\t\t<\/div>\n\t\t\t\t<\/div>\n\t\t\t\t\t<\/div>\n\t\t<\/div>\n\t\t\t\t\t<\/div>\n\t\t<\/section>\n\t\t\t\t<\/div>\n\t\t\t\t<div data-elementor-type=\"loop-item\" data-elementor-id=\"25355\" class=\"elementor elementor-25355 e-loop-item e-loop-item-42156 post-42156 news type-news status-publish has-post-thumbnail hentry entry\" data-elementor-post-type=\"elementor_library\" data-custom-edit-handle=\"1\">\n\t\t\t\t\t<section class=\"has_eae_slider elementor-section elementor-top-section elementor-element elementor-element-bf11e25 elementor-section-boxed elementor-section-height-default elementor-section-height-default\" data-id=\"bf11e25\" data-element_type=\"section\" data-settings=\"{&quot;jet_parallax_layout_list&quot;:[]}\">\n\t\t\t\t\t\t<div class=\"elementor-container elementor-column-gap-default\">\n\t\t\t\t\t<div class=\"has_eae_slider elementor-column elementor-col-100 elementor-top-column elementor-element elementor-element-751678a\" data-id=\"751678a\" data-element_type=\"column\" data-settings=\"{&quot;background_background&quot;:&quot;classic&quot;}\">\n\t\t\t<div class=\"elementor-widget-wrap elementor-element-populated\">\n\t\t\t\t\t\t<div class=\"elementor-element elementor-element-ca54aa8 elementor-widget elementor-widget-image\" data-id=\"ca54aa8\" data-element_type=\"widget\" data-widget_type=\"image.default\">\n\t\t\t\t<div class=\"elementor-widget-container\">\n\t\t\t\t\t\t\t\t\t\t\t\t\t\t<a href=\"https:\/\/gracialive.be\/fr\/news\/helmut-lotti-2025\/\">\n\t\t\t\t\t\t\t<img decoding=\"async\" src=\"https:\/\/gracialive.be\/wp-content\/uploads\/2025\/05\/hc-1920x1080-1.jpg\" title=\"\" alt=\"\" loading=\"lazy\" \/>\t\t\t\t\t\t\t\t<\/a>\n\t\t\t\t\t\t\t\t\t\t\t\t\t<\/div>\n\t\t\t\t<\/div>\n\t\t\t\t<div class=\"elementor-element elementor-element-71a4685 elementor-widget elementor-widget-theme-post-title elementor-page-title elementor-widget-heading\" data-id=\"71a4685\" data-element_type=\"widget\" data-widget_type=\"theme-post-title.default\">\n\t\t\t\t<div class=\"elementor-widget-container\">\n\t\t\t<h4 class=\"elementor-heading-title elementor-size-default\">Helmut Lotti f\u00eate le 30\u1d49 anniversaire de &#8216;Helmut Lotti Goes Classic&#8217; avec une tourn\u00e9e festive \u00e0 travers la Belgique<\/h4>\t\t<\/div>\n\t\t\t\t<\/div>\n\t\t\t\t\t<\/div>\n\t\t<\/div>\n\t\t\t\t\t<\/div>\n\t\t<\/section>\n\t\t\t\t<\/div>\n\t\t\t\t<\/div>\n\t\t\n\t\t\t\t<\/div>\n\t\t\t\t<\/div>\n\t\t\t\t\t<\/div>\n\t\t<\/div>\n\t\t\t\t\t<\/div>\n\t\t<\/section>\n\t\t\t\t<section class=\"has_eae_slider elementor-section elementor-top-section elementor-element elementor-element-b7109b4 elementor-section-boxed elementor-section-height-default elementor-section-height-default\" data-id=\"b7109b4\" data-element_type=\"section\" data-settings=\"{&quot;jet_parallax_layout_list&quot;:[]}\">\n\t\t\t\t\t\t<div class=\"elementor-container elementor-column-gap-default\">\n\t\t\t\t\t<div class=\"has_eae_slider elementor-column elementor-col-100 elementor-top-column elementor-element elementor-element-4e1c5c04\" data-id=\"4e1c5c04\" data-element_type=\"column\">\n\t\t\t<div class=\"elementor-widget-wrap elementor-element-populated\">\n\t\t\t\t\t\t<div class=\"elementor-element elementor-element-2aceb1ab elementor-widget elementor-widget-spacer\" data-id=\"2aceb1ab\" data-element_type=\"widget\" data-widget_type=\"spacer.default\">\n\t\t\t\t<div class=\"elementor-widget-container\">\n\t\t\t\t\t<div class=\"elementor-spacer\">\n\t\t\t<div class=\"elementor-spacer-inner\"><\/div>\n\t\t<\/div>\n\t\t\t\t<\/div>\n\t\t\t\t<\/div>\n\t\t\t\t\t<\/div>\n\t\t<\/div>\n\t\t\t\t\t<\/div>\n\t\t<\/section>\n\t\t\t\t<\/div>\n\t\t","protected":false},"featured_media":25633,"template":"elementor_header_footer","yoast_head":"<!-- This site is optimized with the Yoast SEO Premium plugin v21.5 (Yoast SEO v21.5) - https:\/\/yoast.com\/wordpress\/plugins\/seo\/ -->\n<title>Laura Pausini revient dans notre pays apr\u00e8s 6 ans ! - Gracia Live<\/title>\n<meta name=\"robots\" content=\"index, follow, max-snippet:-1, max-image-preview:large, max-video-preview:-1\" \/>\n<link rel=\"canonical\" href=\"https:\/\/gracialive.be\/fr\/news\/laura-pausini\/\" \/>\n<meta property=\"og:locale\" content=\"fr_FR\" \/>\n<meta property=\"og:type\" content=\"article\" \/>\n<meta property=\"og:title\" content=\"Laura Pausini revient dans notre pays apr\u00e8s 6 ans !\" \/>\n<meta property=\"og:description\" content=\"concertnews Laura Pausini \/\/ 10 f\u00e9vrier 2024 SON PREMIER CONCERT EN BELGIQUE DEPUIS SIX ANS ET SON 8E PASSAGE \u00c0 FOREST NATIONAL ! Les dates tant attendues du LAURA PAUSINI WORLD TOUR 2023\/2024 ont enfin \u00e9t\u00e9 annonc\u00e9es. La star italienne entamera sa tourn\u00e9e mondiale \u00e0 la fin de l&#8217;ann\u00e9e 2023, avec une escale en Belgique&#8230; &hellip; Continuer la lecture \u00ab\u00a0Helmut Lotti f\u00eate le 30\u1d49 anniversaire de &#8216;Helmut Lotti Goes Classic&#8217; avec une tourn\u00e9e festive \u00e0 travers la Belgique\u00a0\u00bb\" \/>\n<meta property=\"og:url\" content=\"https:\/\/gracialive.be\/fr\/news\/laura-pausini\/\" \/>\n<meta property=\"og:site_name\" content=\"Gracia Live\" \/>\n<meta property=\"article:publisher\" content=\"https:\/\/www.facebook.com\/gracialivebelgium\" \/>\n<meta property=\"article:modified_time\" content=\"2023-11-06T11:02:47+00:00\" \/>\n<meta property=\"og:image\" content=\"https:\/\/gracialive.be\/wp-content\/uploads\/2023\/10\/LauraPausini-1200x300-1.jpg\" \/>\n\t<meta property=\"og:image:width\" content=\"1200\" \/>\n\t<meta property=\"og:image:height\" content=\"300\" \/>\n\t<meta property=\"og:image:type\" content=\"image\/jpeg\" \/>\n<meta name=\"twitter:card\" content=\"summary_large_image\" \/>\n<meta name=\"twitter:site\" content=\"@GRACIALIVEBEL\" \/>\n<meta name=\"twitter:label1\" content=\"Dur\u00e9e de lecture estim\u00e9e\" \/>\n\t<meta name=\"twitter:data1\" content=\"2 minutes\" \/>\n<script type=\"application\/ld+json\" class=\"yoast-schema-graph\">{\"@context\":\"https:\/\/schema.org\",\"@graph\":[{\"@type\":\"WebPage\",\"@id\":\"https:\/\/gracialive.be\/fr\/news\/laura-pausini\/\",\"url\":\"https:\/\/gracialive.be\/fr\/news\/laura-pausini\/\",\"name\":\"Laura Pausini revient dans notre pays apr\u00e8s 6 ans ! - Gracia Live\",\"isPartOf\":{\"@id\":\"https:\/\/gracialive.be\/#website\"},\"datePublished\":\"2023-03-22T11:41:36+00:00\",\"dateModified\":\"2023-11-06T11:02:47+00:00\",\"breadcrumb\":{\"@id\":\"https:\/\/gracialive.be\/fr\/news\/laura-pausini\/#breadcrumb\"},\"inLanguage\":\"fr-FR\",\"potentialAction\":[{\"@type\":\"ReadAction\",\"target\":[\"https:\/\/gracialive.be\/fr\/news\/laura-pausini\/\"]}]},{\"@type\":\"BreadcrumbList\",\"@id\":\"https:\/\/gracialive.be\/fr\/news\/laura-pausini\/#breadcrumb\",\"itemListElement\":[{\"@type\":\"ListItem\",\"position\":1,\"name\":\"Home\",\"item\":\"https:\/\/gracialive.be\/fr\/\"},{\"@type\":\"ListItem\",\"position\":2,\"name\":\"Laura Pausini revient dans notre pays apr\u00e8s 6 ans !\"}]},{\"@type\":\"WebSite\",\"@id\":\"https:\/\/gracialive.be\/#website\",\"url\":\"https:\/\/gracialive.be\/\",\"name\":\"Gracia Live\",\"description\":\"Concert en Event Promotor Belgium\",\"publisher\":{\"@id\":\"https:\/\/gracialive.be\/#organization\"},\"potentialAction\":[{\"@type\":\"SearchAction\",\"target\":{\"@type\":\"EntryPoint\",\"urlTemplate\":\"https:\/\/gracialive.be\/?s={search_term_string}\"},\"query-input\":\"required name=search_term_string\"}],\"inLanguage\":\"fr-FR\"},{\"@type\":\"Organization\",\"@id\":\"https:\/\/gracialive.be\/#organization\",\"name\":\"Gracia Live\",\"url\":\"https:\/\/gracialive.be\/\",\"logo\":{\"@type\":\"ImageObject\",\"inLanguage\":\"fr-FR\",\"@id\":\"https:\/\/gracialive.be\/#\/schema\/logo\/image\/\",\"url\":\"https:\/\/gracialive.be\/wp-content\/uploads\/2022\/01\/cropped-GL-500x300_zwart.png\",\"contentUrl\":\"https:\/\/gracialive.be\/wp-content\/uploads\/2022\/01\/cropped-GL-500x300_zwart.png\",\"width\":512,\"height\":512,\"caption\":\"Gracia Live\"},\"image\":{\"@id\":\"https:\/\/gracialive.be\/#\/schema\/logo\/image\/\"},\"sameAs\":[\"https:\/\/www.facebook.com\/gracialivebelgium\",\"https:\/\/twitter.com\/GRACIALIVEBEL\",\"https:\/\/www.instagram.com\/gracialive_belgium\/\"]}]}<\/script>\n<!-- \/ Yoast SEO Premium plugin. -->","yoast_head_json":{"title":"Laura Pausini revient dans notre pays apr\u00e8s 6 ans ! - Gracia Live","robots":{"index":"index","follow":"follow","max-snippet":"max-snippet:-1","max-image-preview":"max-image-preview:large","max-video-preview":"max-video-preview:-1"},"canonical":"https:\/\/gracialive.be\/fr\/news\/laura-pausini\/","og_locale":"fr_FR","og_type":"article","og_title":"Laura Pausini revient dans notre pays apr\u00e8s 6 ans !","og_description":"concertnews Laura Pausini \/\/ 10 f\u00e9vrier 2024 SON PREMIER CONCERT EN BELGIQUE DEPUIS SIX ANS ET SON 8E PASSAGE \u00c0 FOREST NATIONAL ! Les dates tant attendues du LAURA PAUSINI WORLD TOUR 2023\/2024 ont enfin \u00e9t\u00e9 annonc\u00e9es. La star italienne entamera sa tourn\u00e9e mondiale \u00e0 la fin de l&#8217;ann\u00e9e 2023, avec une escale en Belgique&#8230; &hellip; Continuer la lecture \u00ab\u00a0Helmut Lotti f\u00eate le 30\u1d49 anniversaire de &#8216;Helmut Lotti Goes Classic&#8217; avec une tourn\u00e9e festive \u00e0 travers la Belgique\u00a0\u00bb","og_url":"https:\/\/gracialive.be\/fr\/news\/laura-pausini\/","og_site_name":"Gracia Live","article_publisher":"https:\/\/www.facebook.com\/gracialivebelgium","article_modified_time":"2023-11-06T11:02:47+00:00","og_image":[{"width":1200,"height":300,"url":"https:\/\/gracialive.be\/wp-content\/uploads\/2023\/10\/LauraPausini-1200x300-1.jpg","type":"image\/jpeg"}],"twitter_card":"summary_large_image","twitter_site":"@GRACIALIVEBEL","twitter_misc":{"Dur\u00e9e de lecture estim\u00e9e":"2 minutes"},"schema":{"@context":"https:\/\/schema.org","@graph":[{"@type":"WebPage","@id":"https:\/\/gracialive.be\/fr\/news\/laura-pausini\/","url":"https:\/\/gracialive.be\/fr\/news\/laura-pausini\/","name":"Laura Pausini revient dans notre pays apr\u00e8s 6 ans ! - Gracia Live","isPartOf":{"@id":"https:\/\/gracialive.be\/#website"},"datePublished":"2023-03-22T11:41:36+00:00","dateModified":"2023-11-06T11:02:47+00:00","breadcrumb":{"@id":"https:\/\/gracialive.be\/fr\/news\/laura-pausini\/#breadcrumb"},"inLanguage":"fr-FR","potentialAction":[{"@type":"ReadAction","target":["https:\/\/gracialive.be\/fr\/news\/laura-pausini\/"]}]},{"@type":"BreadcrumbList","@id":"https:\/\/gracialive.be\/fr\/news\/laura-pausini\/#breadcrumb","itemListElement":[{"@type":"ListItem","position":1,"name":"Home","item":"https:\/\/gracialive.be\/fr\/"},{"@type":"ListItem","position":2,"name":"Laura Pausini revient dans notre pays apr\u00e8s 6 ans !"}]},{"@type":"WebSite","@id":"https:\/\/gracialive.be\/#website","url":"https:\/\/gracialive.be\/","name":"Gracia Live","description":"Concert en Event Promotor Belgium","publisher":{"@id":"https:\/\/gracialive.be\/#organization"},"potentialAction":[{"@type":"SearchAction","target":{"@type":"EntryPoint","urlTemplate":"https:\/\/gracialive.be\/?s={search_term_string}"},"query-input":"required name=search_term_string"}],"inLanguage":"fr-FR"},{"@type":"Organization","@id":"https:\/\/gracialive.be\/#organization","name":"Gracia Live","url":"https:\/\/gracialive.be\/","logo":{"@type":"ImageObject","inLanguage":"fr-FR","@id":"https:\/\/gracialive.be\/#\/schema\/logo\/image\/","url":"https:\/\/gracialive.be\/wp-content\/uploads\/2022\/01\/cropped-GL-500x300_zwart.png","contentUrl":"https:\/\/gracialive.be\/wp-content\/uploads\/2022\/01\/cropped-GL-500x300_zwart.png","width":512,"height":512,"caption":"Gracia Live"},"image":{"@id":"https:\/\/gracialive.be\/#\/schema\/logo\/image\/"},"sameAs":["https:\/\/www.facebook.com\/gracialivebelgium","https:\/\/twitter.com\/GRACIALIVEBEL","https:\/\/www.instagram.com\/gracialive_belgium\/"]}]}},"acf":{"news-image":"https:\/\/gracialive.be\/wp-content\/uploads\/2023\/09\/LP-1920x1080-1.jpg","news-text":"Les dates tant attendues du Laura Pausini World Tour 2023\/2024 ont enfin \u00e9t\u00e9 annonc\u00e9es. La star italienne entamera sa tourn\u00e9e mondiale \u00e0 la fin de l'ann\u00e9e 2023, avec une escale en Belgique... le samedi 10 f\u00e9vrier 2024, \u00e0 Forest National, un concert \u00e0 ne pas manquer !","news-titel":""},"_links":{"self":[{"href":"https:\/\/gracialive.be\/fr\/wp-json\/wp\/v2\/news\/25595"}],"collection":[{"href":"https:\/\/gracialive.be\/fr\/wp-json\/wp\/v2\/news"}],"about":[{"href":"https:\/\/gracialive.be\/fr\/wp-json\/wp\/v2\/types\/news"}],"version-history":[{"count":9,"href":"https:\/\/gracialive.be\/fr\/wp-json\/wp\/v2\/news\/25595\/revisions"}],"predecessor-version":[{"id":25723,"href":"https:\/\/gracialive.be\/fr\/wp-json\/wp\/v2\/news\/25595\/revisions\/25723"}],"wp:featuredmedia":[{"embeddable":true,"href":"https:\/\/gracialive.be\/fr\/wp-json\/wp\/v2\/media\/25633"}],"wp:attachment":[{"href":"https:\/\/gracialive.be\/fr\/wp-json\/wp\/v2\/media?parent=25595"}],"curies":[{"name":"wp","href":"https:\/\/api.w.org\/{rel}","templated":true}]}}